{"id":163,"date":"2019-12-21T22:18:56","date_gmt":"2019-12-21T21:18:56","guid":{"rendered":"https:\/\/www.andremalo.be\/blog\/?p=163"},"modified":"2021-12-22T16:59:59","modified_gmt":"2021-12-22T15:59:59","slug":"notes-sur-wordpress","status":"publish","type":"post","link":"https:\/\/www.andremalo.be\/blog\/2019\/12\/21\/notes-sur-wordpress\/","title":{"rendered":"Notes sur WordPress"},"content":{"rendered":"\n<p><\/p>\n\n\n\n<p>Cet article sert \u00e0 tester l&rsquo;installation d&rsquo;un site sous WordPress. Les paragraphes sont des brouillons qui se pr\u00e9sentent en d\u00e9sordre.<\/p>\n\n\n\n<div class=\"gutentoc tocactive nostyle\"><div class=\"gutentoc-toc-wrap\"><div class=\"gutentoc-toc-title-wrap\"><div class=\"gutentoc-toc-title\">Sommaire :<\/div><div id=\"open\" class=\"text_open\">show<\/div><\/div><div id=\"toclist\"><div class=\"gutentoc-toc__list-wrap\"><ul class=\"gutentoc-toc__list\"><li><a href=\"#un-pr\u00e9alable--une-page-ou-un-article-cest-\">Un pr\u00e9alable : une page ou un article, c&rsquo;est &#8230;<\/a><\/li><li><a href=\"#les-r\u00f4les-dans-wordpress\">Les r\u00f4les dans WordPress<\/a><\/li><li><a href=\"#sources-dinformation-sur-wordpress\">Sources d&rsquo;information sur WordPress<\/a><\/li><li><a href=\"#l\u00e9diteur-gutenberg-\">L&rsquo;\u00e9diteur Gutenberg :<\/a><\/li><li><a href=\"#ins\u00e9rer-une-image-\">Ins\u00e9rer une image :<\/a><\/li><li><a href=\"#titre_1\">Titre_1<\/a><\/li><li><a href=\"#titre-2\">Titre 2<\/a><\/li><ul class=\"gutentoc-toc__list\"><li><a href=\"#premier-sous-titre\">Premier sous-titre<\/a><\/li><li><a href=\"#deuxi\u00e8me-sous-titre\">Deuxi\u00e8me sous-titre<\/a><\/li><\/ul><li><a href=\"#titre-3\">Titre 3<\/a><\/li><li><a href=\"#titre-4\">Titre 4<\/a><\/li><ul class=\"gutentoc-toc__list\"><li><a href=\"#sous-titre-1-\">Sous-titre 1 <\/a><\/li><li><a href=\"#sous-titre-2\">Sous-titre 2<\/a><\/li><\/ul><li><a href=\"#titre-5-\">Titre 5 <\/a><\/li><li><a href=\"#titre-6\">Titre 6<\/a><\/li><li><a href=\"#int\u00e9gration-de-geogebra\">Int\u00e9gration de GeoGeBra<\/a><\/li><li><a href=\"#int\u00e9gration-de-latex\">Int\u00e9gration de Latex<\/a><\/li><ul class=\"gutentoc-toc__list\"><li><a href=\"#exemples-\">Exemples :<\/a><\/li><\/ul><\/ul><\/div><\/div><\/div><\/div>\n\n\n\n<h3 class=\"wp-block-heading\" id=\"un-pr\u00e9alable--une-page-ou-un-article-cest-\">Un pr\u00e9alable : une page ou un article, c&rsquo;est &#8230;<\/h3>\n\n\n\n<p>WordPress consid\u00e8re une page ou un article comme une suite de blocs. Un bloc pout contenir un titre, un paragraphe, une image, une liste num\u00e9rot\u00e9e ou non, &#8230; ou lui-m\u00eame \u00eatre un groupe de blocs.<\/p>\n\n\n\n<p>Attention, un appui sur la touche &lt;Enter&gt; provoque la cr\u00e9ation du Bloc suivant.<\/p>\n\n\n\n<div class=\"wp-block-image\"><figure class=\"aligncenter size-medium\"><img decoding=\"async\" loading=\"lazy\" width=\"281\" height=\"300\" src=\"https:\/\/www.andremalo.be\/blog\/wp-content\/uploads\/2019\/12\/Capture-d\u2019\u00e9cran-2019-12-17-\u00e0-21.13.03-281x300.png\" alt=\"\" class=\"wp-image-124\" srcset=\"https:\/\/www.andremalo.be\/blog\/wp-content\/uploads\/2019\/12\/Capture-d\u2019\u00e9cran-2019-12-17-\u00e0-21.13.03-281x300.png 281w, https:\/\/www.andremalo.be\/blog\/wp-content\/uploads\/2019\/12\/Capture-d\u2019\u00e9cran-2019-12-17-\u00e0-21.13.03-600x641.png 600w, https:\/\/www.andremalo.be\/blog\/wp-content\/uploads\/2019\/12\/Capture-d\u2019\u00e9cran-2019-12-17-\u00e0-21.13.03.png 694w\" sizes=\"(max-width: 281px) 100vw, 281px\" \/><\/figure><\/div>\n\n\n\n<h3 class=\"has-text-align-left wp-block-heading\" id=\"les-r\u00f4les-dans-wordpress\">Les r\u00f4les dans WordPress<\/h3>\n\n\n\n<ul><li><a href=\"https:\/\/codex.wordpress.org\/Super_Admin_Menu\">Super Admin<\/a>&nbsp;\u2013 Acc\u00e8de aux r\u00e9glages d&rsquo;administration multisite, ainsi qu&rsquo;\u00e0 toutes les autres fonctionnalit\u00e9s. Voir l&rsquo;article&nbsp;<a href=\"https:\/\/codex.wordpress.org\/fr:Cr%C3%A9er_un_r%C3%A9seau\">cr\u00e9er un r\u00e9seau<\/a>.<\/li><li><a href=\"https:\/\/codex.wordpress.org\/fr:R%C3%B4les_et_Capacit%C3%A9s#Administrator\">Administrateur<\/a>&nbsp;&#8211; Acc\u00e8de \u00e0 toutes les fonctionnalit\u00e9s d&rsquo;administration dans un site unique.<\/li><li><a href=\"https:\/\/codex.wordpress.org\/fr:R%C3%B4les_et_Capacit%C3%A9s#Editor\">\u00c9diteur<\/a>&nbsp;&#8211; Peut publier et g\u00e9rer articles et pages, les siens ainsi que ceux des autres utilisateurs.<\/li><li><a href=\"https:\/\/codex.wordpress.org\/fr:R%C3%B4les_et_Capacit%C3%A9s#Author\">Auteur<\/a>&nbsp;&#8211; Peut publier et g\u00e9rer ses propres articles.<\/li><li><a href=\"https:\/\/codex.wordpress.org\/fr:R%C3%B4les_et_Capacit%C3%A9s#Contributor\">Contributeur<\/a>&nbsp;&#8211; Peut \u00e9crire et g\u00e9rer ses articles, mais ne peut les publier.<\/li><li><a href=\"https:\/\/codex.wordpress.org\/fr:R%C3%B4les_et_Capacit%C3%A9s#Subscriber\">Abonn\u00e9<\/a>&nbsp;&#8211; Ne peut g\u00e9rer que son profil.<\/li><\/ul>\n\n\n\n<p>Source : site <a href=\"https:\/\/codex.wordpress.org\/\">https:\/\/codex.wordpress.org\/<\/a><\/p>\n\n\n\n<h3 class=\"wp-block-heading\" id=\"sources-dinformation-sur-wordpress\">Sources d&rsquo;information sur WordPress<\/h3>\n\n\n\n<ul><li>en anglais : https:\/\/codex.wordpress.org\/Main_Page <\/li><li>en fran\u00e7ais : https:\/\/codex.wordpress.org\/fr:Accueil<\/li><li>\u00e0 propos de l&rsquo;\u00e9diteur Gutenberg : https:\/\/wpformation.com\/gutenberg-wordpress-mode-emploi\/#presentation-blocs<\/li><li>\u00e0 propos des sommaires : <a href=\"https:\/\/astucesdivi.com\/table-des-matieres\/\">https:\/\/astucesdivi.com\/table-des-matieres\/<\/a><\/li><\/ul>\n\n\n\n<h3 class=\"wp-block-heading\" id=\"l\u00e9diteur-gutenberg-\">L&rsquo;\u00e9diteur Gutenberg :<\/h3>\n\n\n\n<div class=\"wp-block-image\"><figure class=\"aligncenter size-medium\"><img decoding=\"async\" loading=\"lazy\" width=\"300\" height=\"188\" src=\"https:\/\/www.andremalo.be\/blog\/wp-content\/uploads\/2020\/01\/Editeur_Gutenberg_Nouvel_article-300x188.png\" alt=\"\" class=\"wp-image-313\" srcset=\"https:\/\/www.andremalo.be\/blog\/wp-content\/uploads\/2020\/01\/Editeur_Gutenberg_Nouvel_article-300x188.png 300w, https:\/\/www.andremalo.be\/blog\/wp-content\/uploads\/2020\/01\/Editeur_Gutenberg_Nouvel_article-600x375.png 600w, https:\/\/www.andremalo.be\/blog\/wp-content\/uploads\/2020\/01\/Editeur_Gutenberg_Nouvel_article-1024x641.png 1024w, https:\/\/www.andremalo.be\/blog\/wp-content\/uploads\/2020\/01\/Editeur_Gutenberg_Nouvel_article-768x481.png 768w, https:\/\/www.andremalo.be\/blog\/wp-content\/uploads\/2020\/01\/Editeur_Gutenberg_Nouvel_article-1536x961.png 1536w, https:\/\/www.andremalo.be\/blog\/wp-content\/uploads\/2020\/01\/Editeur_Gutenberg_Nouvel_article.png 1902w\" sizes=\"(max-width: 300px) 100vw, 300px\" \/><\/figure><\/div>\n\n\n\n<p>En haut \u00e0 gauche, nous pouvons agir sur les blocs : <\/p>\n\n\n\n<ul><li>ajouter un nouveau Bloc (bouton \u00ab\u00a0+\u00a0\u00bb), <\/li><li>annuler ou r\u00e9tablir une action pr\u00e9c\u00e9dente (fl\u00e8che en forme de boucle), <\/li><li>afficher les informations relatives \u00e0 la page ou \u00e0 l&rsquo;article : nombre de mots, de titres, de paragraphes, de blocs, aper\u00e7u du document et de sa structure (bouton \u00ab\u00a0i\u00a0\u00bb), <\/li><li>naviguer parmi les blocs de l&rsquo;article (Bloc navigation)<\/li><li>le type de bloc s\u00e9lectionn\u00e9 et les outils correspondants,<\/li><\/ul>\n\n\n\n<p>En haut \u00e0 droite, nous pouvons agir sur l&rsquo;article : <\/p>\n\n\n\n<ul><li>Enregistrer le brouillon, <\/li><li>Pr\u00e9visualiser,<\/li><li>Mettre \u00e0 jour,<\/li><li>L\u2019engrenage permet de masquer la barre lat\u00e9rale et de passer en pleine largeur<\/li><li>les 3 points d\u00e9roulent quelques options suppl\u00e9mentaires &#8230;<\/li><\/ul>\n\n\n\n<p>Dans la barre lat\u00e9rale de droite, nous trouvons deux onglets :<\/p>\n\n\n\n<ul><li>l\u2019onglet&nbsp;<strong>Document<\/strong>, qui donne acc\u00e8s aux r\u00e9glages de la publication,<\/li><li>l\u2019onglet&nbsp;<strong>Bloc<\/strong>, qui donne acc\u00e8s au descriptif et aux r\u00e9glages du bloc s\u00e9lectionn\u00e9.<\/li><\/ul>\n\n\n\n<p>A noter : la barre du haut et la barre lat\u00e9rale restent toujours visibles \u00e0 l\u2019\u00e9cran, m\u00eame lorsque l&rsquo;on \u00ab\u00a0scrolle\u00a0\u00bb un long, long article &#8230;<\/p>\n\n\n\n<h3 class=\"wp-block-heading\" id=\"ins\u00e9rer-une-image-\">Ins\u00e9rer une image :<\/h3>\n\n\n\n<p align=\"justify\"> At vero eos et accusamus et iusto odio dignissimos ducimus qui blanditiis praesentium <img decoding=\"async\" src=\"https:\/\/www.andremalo.be\/blog\/wp-content\/uploads\/2018\/12\/grand_duc.jpg\" hspace=\"25\" vspace=\"25\" align=\"right\"> voluptatum deleniti atque corrupti quos dolores et quas  molestias excepturi sint occaecati cupiditate non provident, similique sunt in culpa qui officia deserunt mollitia animi, id est laborum et dolorum fuga. Et harum quidem rerum facilis est et expedita distinctio. <\/p>\n<p align=\"justify\"> At vero eos et accusamus et iusto odio dignissimos ducimus qui blanditiis praesentium voluptatum deleniti atque corrupti quos dolores et quas  molestias excepturi sint occaecati cupiditate non provident, similique sunt in culpa qui officia deserunt mollitia animi, id est laborum et dolorum fuga. Et harum quidem rerum facilis est et expedita distinctio. <\/p>\n\n\n\n<p align=\"justify\"> At vero eos et accusamus et iusto odio dignissimos ducimus qui blanditiis praesentium voluptatum deleniti atque corrupti quos dolores et quas  molestias excepturi sint occaecati cupiditate non provident, similique sunt in culpa qui officia deserunt mollitia animi, id est laborum et dolorum fuga. Et harum quidem rerum facilis est et expedita distinctio. <\/p>\n\n\n\n<h3 class=\"wp-block-heading\" id=\"titre_1\">Titre_1<\/h3>\n\n\n\n<p> Montius nos tumore inusitao quodam et novo ut rebellis et maiestati recalcitrantes Augustae per haec quae strepit incusat iratus nimirum quod contumacem praefectum, quid rerum ordo postulat ignorare dissimulantem formidine tenus iusserim custodiri.<\/p>\n\n\n\n<h3 class=\"wp-block-heading\" id=\"titre-2\">Titre 2<\/h3>\n\n\n\n<p> Abusus enim multitudine hominum, quam tranquillis in rebus diutius rexit, ex agrestibus habitaculis urbes construxit multis opibus firmas et viribus, quarum ad praesens pleraeque licet Graecis nominibus appellentur, quae isdem ad arbitrium inposita sunt conditoris, primigenia tamen nomina non amittunt, quae eis Assyria lingua institutores veteres indiderunt.<\/p>\n\n\n\n<figure class=\"wp-block-image size-large\"><img decoding=\"async\" loading=\"lazy\" width=\"131\" height=\"205\" src=\"https:\/\/www.andremalo.be\/blog\/wp-content\/uploads\/2018\/12\/grand_duc.jpg\" alt=\"\" class=\"wp-image-5\"\/><\/figure>\n\n\n\n<h4 class=\"wp-block-heading\" id=\"premier-sous-titre\">Premier sous-titre<\/h4>\n\n\n\n<p>Quapropter a natura mihi videtur potius quam ab indigentia orta amicitia, applicatione magis animi cum quodam sensu amandi quam cogitatione quantum illa res utilitatis esset habitura.<\/p>\n\n\n\n<ul><li>Quod 1 : Quod quidem quale sit, etiam in bestiis quibusdam animadverti potest, quae ex se natos ita amant ad quoddam tempus et ab eis ita amantur ut facile earum sensus appareat.<\/li><li>Quod 2 : Quod in homine multo est evidentius, primum ex ea caritate quae est inter natos et parentes, quae dirimi nisi detestabili scelere non potest; deinde cum similis sensus exstitit amoris, si aliquem nacti sumus cuius cum moribus et natura congruamus, quod in eo quasi lumen aliquod probitatis et virtutis perspicere videamur.<\/li><\/ul>\n\n\n\n<h4 class=\"wp-block-heading\" id=\"deuxi\u00e8me-sous-titre\">Deuxi\u00e8me sous-titre<\/h4>\n\n\n\n<p>Quam ob rem ut ii qui superiores sunt submittere se debent in amicitia, sic quodam modo inferiores extollere. Sunt enim quidam qui molestas amicitias faciunt, cum ipsi se contemni putant; quod non fere contingit nisi iis qui etiam contemnendos se arbitrantur; qui hac opinione non modo verbis sed etiam opere levandi sunt.<\/p>\n\n\n\n<h3 class=\"wp-block-heading\" id=\"titre-3\">Titre 3<\/h3>\n\n\n\n<p>Nam libero tempore, cum soluta nobis est eligendi optio cumque nihil impedit quo minus id quod maxime placeat facere possimus, omnis voluptas assumenda est, omnis dolor repellendus. <\/p>\n\n\n\n<h3 class=\"wp-block-heading\" id=\"titre-4\">Titre 4<\/h3>\n\n\n\n<p>Temporibus autem quibusdam et aut officiis debitis aut rerum necessitatibus saepe eveniet ut et voluptates repudiandae sint et molestiae non recusandae.<\/p>\n\n\n\n<h4 class=\"wp-block-heading\" id=\"sous-titre-1-\">Sous-titre 1 <\/h4>\n\n\n\n<p>Itaque earum rerum hic tenetur a sapiente delectus, ut aut reiciendis voluptatibus maiores alias consequatur aut perferendis doloribus asperiores repellat.<\/p>\n\n\n\n<h4 class=\"wp-block-heading\" id=\"sous-titre-2\">Sous-titre 2<\/h4>\n\n\n\n<p>Hoc inmaturo interitu ipse quoque sui pertaesus excessit e vita aetatis nono anno atque vicensimo cum quadriennio imperasset. natus apud Tuscos in Massa Veternensi, patre Constantio Constantini fratre imperatoris, matreque Galla sorore Rufini et Cerealis, quos trabeae consulares nobilitarunt et praefecturae.<\/p>\n\n\n\n<h3 class=\"wp-block-heading\" id=\"titre-5-\">Titre 5 <\/h3>\n\n\n\n<p> Omitto iuris dictionem in libera civitate contra leges senatusque consulta; caedes relinquo; libidines praetereo, quarum acerbissimum extat indicium et ad insignem memoriam turpitudinis et paene ad iustum odium imperii nostri, quod constat nobilissimas virgines se in puteos abiecisse et morte voluntaria necessariam turpitudinem depulisse. Nec haec idcirco omitto, quod non gravissima sint, sed quia nunc sine teste dico.<\/p>\n\n\n\n<h3 class=\"wp-block-heading\" id=\"titre-6\">Titre 6<\/h3>\n\n\n\n<p>Illud tamen te esse admonitum volo, primum ut qualis es talem te esse omnes existiment ut, quantum a rerum turpitudine abes, tantum te a verborum libertate seiungas; deinde ut ea in alterum ne dicas, quae cum tibi falso responsa sint, erubescas. Quis est enim, cui via ista non pateat, qui isti aetati atque etiam isti dignitati non possit quam velit petulanter, etiamsi sine ulla suspicione, at non sine argumento male dicere? Sed istarum partium culpa est eorum, qui te agere voluerunt; laus pudoris tui, quod ea te invitum dicere videbamus, ingenii, quod ornate politeque dixisti.<br> {{{Sept : int\u00e9gration de videos}}} <br> En flv, avec <code>&lt;doc1|center&gt;<\/code> : <br>  <br> En swf, avec <code>&lt;doc2|center&gt;<\/code> : <br>  <\/p>\n\n\n\n<p>At vero eos et accusamus et iusto odio dignissimos ducimus qui blanditiis praesentium voluptatum deleniti atque corrupti quos dolores et quas molestias excepturi sint occaecati cupiditate non provident, similique sunt in culpa qui officia deserunt mollitia animi, id est laborum et dolorum fuga. Et harum quidem rerum facilis est et expedita distinctio.<\/p>\n\n\n\n<h3 class=\"wp-block-heading\" id=\"int\u00e9gration-de-geogebra\">Int\u00e9gration de GeoGeBra<\/h3>\n\n\n\n<p> <code>&lt;iframe scrolling=\"no\" src=\"https:\/\/www.geogebra.org\/material\/iframe\/id\/NkgykjDW\/width\/996\/height\/611\/border\/888888\/rc\/false\/ai\/false\/sdz\/false\/smb\/false\/stb\/false\/stbh\/true\/ld\/false\/sri\/false\/at\/auto\" width=\"1191px\" height=\"611px\" style=\"border:0px;\"&gt;  &lt;\/iframe&gt;  <\/code> <\/p>\n\n\n\n<figure><iframe loading=\"lazy\" src=\"https:\/\/www.geogebra.org\/material\/iframe\/id\/NkgykjDW\/width\/1191\/height\/611\/border\/888888\/rc\/false\/ai\/false\/sdz\/false\/smb\/false\/stb\/false\/stbh\/true\/ld\/false\/sri\/false\/at\/auto\" width=\"1191px\" height=\"611px\"><\/iframe><\/figure>\n\n\n\n<p>Geogebra, <\/p>\n\n\n\n<p>avec <code>&lt;doc5|center&gt;<\/code> : <\/p>\n\n\n\n<h3 class=\"wp-block-heading\" id=\"int\u00e9gration-de-latex\">Int\u00e9gration de Latex<\/h3>\n\n\n\n<ul><li>du texte, qui ne sera pas transform\u00e9,<\/li><li>des formules en Latex, encadr\u00e9es par de simples <img decoding=\"async\" loading=\"lazy\" src=\"https:\/\/www.andremalo.be\/blog\/wp-content\/ql-cache\/quicklatex.com-8f8f8f9803fb3547bdbda9352a2e4beb_l3.png\" class=\"ql-img-inline-formula quicklatex-auto-format\" alt=\"&#46;&#46;&#46;\" title=\"Rendered by QuickLaTeX.com\" height=\"2\" width=\"13\" style=\"vertical-align: 0px;\"\/>, qui seront transform\u00e9es en images plac\u00e9es dans le texte,<\/li><li>des formules en Latex, encadr\u00e9es par de doubles <p class=\"ql-center-displayed-equation\" style=\"line-height: 2px;\"><span class=\"ql-right-eqno\"> &nbsp; <\/span><span class=\"ql-left-eqno\"> &nbsp; <\/span><img decoding=\"async\" loading=\"lazy\" src=\"https:\/\/www.andremalo.be\/blog\/wp-content\/ql-cache\/quicklatex.com-4f61c806fc01dbf0bd61c880027b0237_l3.png\" height=\"2\" width=\"13\" class=\"ql-img-displayed-equation quicklatex-auto-format\" alt=\"&#92;&#91;&#46;&#46;&#46;&#92;&#93;\" title=\"Rendered by QuickLaTeX.com\"\/><\/p>, qui seront transform\u00e9es en images et centr\u00e9es.<\/li><li><code><img decoding=\"async\" loading=\"lazy\" src=\"https:\/\/www.andremalo.be\/blog\/wp-content\/ql-cache\/quicklatex.com-cfabeb7b6fce63ce917cda32d21b7019_l3.png\" class=\"ql-img-inline-formula quicklatex-auto-format\" alt=\"&#92;&#115;&#113;&#114;&#116;&#123;&#98;&#94;&#50;&#45;&#52;&#97;&#99;&#125;\" title=\"Rendered by QuickLaTeX.com\" height=\"18\" width=\"77\" style=\"vertical-align: -2px;\"\/><\/code><\/li><\/ul>\n\n\n\n<hr class=\"wp-block-coblocks-dynamic-separator is-style-line\" style=\"height:50px\"\/>\n\n\n\n<h4 class=\"wp-block-heading\" id=\"exemples-\">Exemples :<\/h4>\n\n\n\n<figure class=\"wp-block-image size-large\"><img decoding=\"async\" loading=\"lazy\" width=\"1024\" height=\"306\" src=\"https:\/\/www.andremalo.be\/blog\/wp-content\/uploads\/2020\/01\/Capture-d\u2019\u00e9cran-2020-01-20-\u00e0-22.56.07-1024x306.png\" alt=\"\" class=\"wp-image-395\" srcset=\"https:\/\/www.andremalo.be\/blog\/wp-content\/uploads\/2020\/01\/Capture-d\u2019\u00e9cran-2020-01-20-\u00e0-22.56.07-1024x306.png 1024w, https:\/\/www.andremalo.be\/blog\/wp-content\/uploads\/2020\/01\/Capture-d\u2019\u00e9cran-2020-01-20-\u00e0-22.56.07-600x179.png 600w, https:\/\/www.andremalo.be\/blog\/wp-content\/uploads\/2020\/01\/Capture-d\u2019\u00e9cran-2020-01-20-\u00e0-22.56.07-300x90.png 300w, https:\/\/www.andremalo.be\/blog\/wp-content\/uploads\/2020\/01\/Capture-d\u2019\u00e9cran-2020-01-20-\u00e0-22.56.07-768x230.png 768w, https:\/\/www.andremalo.be\/blog\/wp-content\/uploads\/2020\/01\/Capture-d\u2019\u00e9cran-2020-01-20-\u00e0-22.56.07.png 1144w\" sizes=\"(max-width: 1024px) 100vw, 1024px\" \/><\/figure>\n\n\n\n<p>La formule <img decoding=\"async\" loading=\"lazy\" src=\"https:\/\/www.andremalo.be\/blog\/wp-content\/ql-cache\/quicklatex.com-ec3473927bf15b4f6569cf0ab0812928_l3.png\" class=\"ql-img-inline-formula quicklatex-auto-format\" alt=\"&#97;&#32;&#61;&#32;&#92;&#115;&#113;&#114;&#116;&#123;&#98;&#94;&#123;&#50;&#125;&#32;&#43;&#32;&#99;&#94;&#123;&#50;&#125;&#125;\" title=\"Rendered by QuickLaTeX.com\" height=\"18\" width=\"101\" style=\"vertical-align: -2px;\"\/> est est une reformulation de la formule de Pythagore:  <img decoding=\"async\" loading=\"lazy\" src=\"https:\/\/www.andremalo.be\/blog\/wp-content\/ql-cache\/quicklatex.com-dae3c0ea003db84f49057f6fba40dc9a_l3.png\" class=\"ql-img-inline-formula quicklatex-auto-format\" alt=\"&#97;&#94;&#123;&#50;&#125;&#32;&#61;&#32;&#98;&#94;&#123;&#50;&#125;&#32;&#43;&#32;&#99;&#94;&#123;&#50;&#125;\" title=\"Rendered by QuickLaTeX.com\" height=\"17\" width=\"93\" style=\"vertical-align: -2px;\"\/> <\/p>\n\n\n\n<p>Voici une formule quelconque :  <p class=\"ql-center-displayed-equation\" style=\"line-height: 59px;\"><span class=\"ql-right-eqno\"> &nbsp; <\/span><span class=\"ql-left-eqno\"> &nbsp; <\/span><img decoding=\"async\" loading=\"lazy\" src=\"https:\/\/www.andremalo.be\/blog\/wp-content\/ql-cache\/quicklatex.com-5646ab992d5e603c53419034b2d86478_l3.png\" height=\"59\" width=\"192\" class=\"ql-img-displayed-equation quicklatex-auto-format\" alt=\"&#92;&#91;&#72;&#61;&#92;&#102;&#114;&#97;&#99;&#123;&#49;&#125;&#123;&#50;&#92;&#99;&#100;&#111;&#116;&#32;&#92;&#115;&#113;&#114;&#116;&#91;&#52;&#93;&#123;&#92;&#102;&#114;&#97;&#99;&#123;&#52;&#48;&#48;&#125;&#123;&#51;&#125;&#125;&#125;&#92;&#99;&#100;&#111;&#116;&#32;&#92;&#115;&#113;&#114;&#116;&#123;&#92;&#102;&#114;&#97;&#99;&#123;&#50;&#125;&#123;&#51;&#125;&#32;&#92;&#99;&#100;&#111;&#116;&#32;&#52;&#48;&#48;&#125;&#92;&#93;\" title=\"Rendered by QuickLaTeX.com\"\/><\/p> ou <p class=\"ql-center-displayed-equation\" style=\"line-height: 43px;\"><span class=\"ql-right-eqno\"> &nbsp; <\/span><span class=\"ql-left-eqno\"> &nbsp; <\/span><img decoding=\"async\" loading=\"lazy\" src=\"https:\/\/www.andremalo.be\/blog\/wp-content\/ql-cache\/quicklatex.com-afe824a837d777b3570c2cbeb954f5bb_l3.png\" height=\"43\" width=\"260\" class=\"ql-img-displayed-equation quicklatex-auto-format\" alt=\"&#92;&#91;&#92;&#105;&#110;&#116;&#123;&#120;&#32;&#92;&#99;&#100;&#111;&#116;&#32;&#108;&#110;&#40;&#120;&#41;&#125;&#61;&#92;&#102;&#114;&#97;&#99;&#123;&#120;&#94;&#50;&#32;&#92;&#99;&#100;&#111;&#116;&#32;&#108;&#110;&#40;&#120;&#41;&#125;&#123;&#50;&#125;&#45;&#92;&#102;&#114;&#97;&#99;&#123;&#49;&#125;&#123;&#50;&#125;&#32;&#92;&#99;&#100;&#111;&#116;&#32;&#92;&#105;&#110;&#116;&#123;&#120;&#125;&#92;&#93;\" title=\"Rendered by QuickLaTeX.com\"\/><\/p><\/p>\n","protected":false},"excerpt":{"rendered":"<p>Extrait : Lorem ipsum dolor sit amet, consectetur adipiscing elit, sed do eiusmod tempor incididunt ut labore et dolore magna aliqua. Ut enim ad minim veniam, quis nostrud exercitation ullamco laboris nisi ut aliquip ex ea commodo consequat. Duis aute irure dolor in reprehenderit in voluptate velit esse cillum dolore eu fugiat nulla pariatur. Excepteur sint occaecat cupidatat non proident, sunt in culpa qui officia deserunt mollit anim id est laborum. <\/p>\n","protected":false},"author":1,"featured_media":0,"comment_status":"closed","ping_status":"closed","sticky":false,"template":"","format":"standard","meta":{"_coblocks_attr":"","_coblocks_dimensions":"","_coblocks_responsive_height":"","_coblocks_accordion_ie_support":""},"categories":[7,16],"tags":[19,20,21,18],"_links":{"self":[{"href":"https:\/\/www.andremalo.be\/blog\/wp-json\/wp\/v2\/posts\/163"}],"collection":[{"href":"https:\/\/www.andremalo.be\/blog\/wp-json\/wp\/v2\/posts"}],"about":[{"href":"https:\/\/www.andremalo.be\/blog\/wp-json\/wp\/v2\/types\/post"}],"author":[{"embeddable":true,"href":"https:\/\/www.andremalo.be\/blog\/wp-json\/wp\/v2\/users\/1"}],"replies":[{"embeddable":true,"href":"https:\/\/www.andremalo.be\/blog\/wp-json\/wp\/v2\/comments?post=163"}],"version-history":[{"count":88,"href":"https:\/\/www.andremalo.be\/blog\/wp-json\/wp\/v2\/posts\/163\/revisions"}],"predecessor-version":[{"id":2237,"href":"https:\/\/www.andremalo.be\/blog\/wp-json\/wp\/v2\/posts\/163\/revisions\/2237"}],"wp:attachment":[{"href":"https:\/\/www.andremalo.be\/blog\/wp-json\/wp\/v2\/media?parent=163"}],"wp:term":[{"taxonomy":"category","embeddable":true,"href":"https:\/\/www.andremalo.be\/blog\/wp-json\/wp\/v2\/categories?post=163"},{"taxonomy":"post_tag","embeddable":true,"href":"https:\/\/www.andremalo.be\/blog\/wp-json\/wp\/v2\/tags?post=163"}],"curies":[{"name":"wp","href":"https:\/\/api.w.org\/{rel}","templated":true}]}}