{"id":1524,"date":"2022-01-19T09:01:00","date_gmt":"2022-01-19T08:01:00","guid":{"rendered":"https:\/\/www.andremalo.be\/blog\/?p=1524"},"modified":"2022-09-24T08:20:15","modified_gmt":"2022-09-24T06:20:15","slug":"mortalite-une-statistique-qui-rassure","status":"publish","type":"post","link":"https:\/\/www.andremalo.be\/blog\/2022\/01\/19\/mortalite-une-statistique-qui-rassure\/","title":{"rendered":"La mortalit\u00e9, une statistique qui rassure ?"},"content":{"rendered":"\n<h6 class=\"wp-block-heading\" id=\"latexpage-\"><br><\/h6>\n\n\n\n<div class=\"gutentoc tocactive nostyle\"><div class=\"gutentoc-toc-wrap\"><div class=\"gutentoc-toc-title-wrap\"><div class=\"gutentoc-toc-title\">Plan :<\/div><div id=\"open\" class=\"text_open\">show<\/div><\/div><div id=\"toclist\"><div class=\"gutentoc-toc__list-wrap\"><ul class=\"gutentoc-toc__list\"><li><a href=\"#une-question\">Une question<\/a><\/li><li><a href=\"#cest-quoi-cette-image-\">C&rsquo;est quoi cette image ?<\/a><\/li><li><a href=\"#do\u00f9-sortent-ces-chiffres--\">D&rsquo;o\u00f9 sortent ces chiffres ? <\/a><\/li><li><a href=\"#est-ce-logique-\">Est-ce logique ?<\/a><\/li><li><a href=\"#est-ce-exact-\">Est-ce exact ?<\/a><\/li><li><a href=\"#la-mortalit\u00e9-cest-quoi-\">La mortalit\u00e9, c&rsquo;est quoi ?<\/a><\/li><li><a href=\"#dautres-outils-que-les-pourcentages-\">D&rsquo;autres outils que les pourcentages ?<\/a><\/li><li><a href=\"#comparer-des-mortalit\u00e9s-\">Comparer des mortalit\u00e9s ?<\/a><\/li><\/ul><\/div><\/div><\/div><\/div>\n\n\n\n<h3 class=\"wp-block-heading\" id=\"une-question\">Une question<\/h3>\n\n\n\n<div class=\"wp-block-media-text alignwide is-stacked-on-mobile is-vertically-aligned-top is-style-default\" style=\"grid-template-columns:32% auto\"><figure class=\"wp-block-media-text__media\"><img decoding=\"async\" loading=\"lazy\" width=\"796\" height=\"772\" src=\"https:\/\/www.andremalo.be\/blog\/wp-content\/uploads\/2021\/02\/Ruquier_Stat_Mortalite.png\" alt=\"\" class=\"wp-image-1525 size-full\" srcset=\"https:\/\/www.andremalo.be\/blog\/wp-content\/uploads\/2021\/02\/Ruquier_Stat_Mortalite.png 796w, https:\/\/www.andremalo.be\/blog\/wp-content\/uploads\/2021\/02\/Ruquier_Stat_Mortalite-300x291.png 300w, https:\/\/www.andremalo.be\/blog\/wp-content\/uploads\/2021\/02\/Ruquier_Stat_Mortalite-768x745.png 768w, https:\/\/www.andremalo.be\/blog\/wp-content\/uploads\/2021\/02\/Ruquier_Stat_Mortalite-600x582.png 600w\" sizes=\"(max-width: 796px) 100vw, 796px\" \/><\/figure><div class=\"wp-block-media-text__content\">\n<p id=\"janvier-2021-\">Janvier 2021. <\/p>\n\n\n\n<p id=\"un-samedi-soir-durant-l\u00e9mission-oeed-de-france-2-appara\u00eet-ce-tableau-diffus\u00e9-sur-internet-par-un-certain-\u00abmika-denissot\u00bb-\">Un samedi soir, durant l&rsquo;\u00e9mission OEED de France 2, appara\u00eet ce tableau, diffus\u00e9 sur Internet par un certain \u00abMika Denissot\u00bb. <\/p>\n\n\n\n<p id=\"surpris-intrigu\u00e9-je-me-pose-une-question--comment-lauteur-a-t-il-construit-ce-tableau-manifestement-dans-le-but-de-rassurer-\">Surpris, intrigu\u00e9, je me pose une question : comment l&rsquo;auteur a-t-il construit ce tableau, manifestement dans le but de rassurer ?<\/p>\n<\/div><\/div>\n\n\n\n<h3 class=\"wp-block-heading\" id=\"cest-quoi-cette-image-\">C&rsquo;est quoi cette image ?<\/h3>\n\n\n\n<p>D&rsquo;abord, comment l&rsquo;image est-elle construite ?<br><br>Le titre \u00ab Voici les survivants au COVID-19 \u00bb nous saisit par notre d\u00e9sir : nous d\u00e9sirons \u00e9videmment \u00eatre parmi les survivants.<br><br>Ensuite, une liste de sept pays avec des pourcentages tr\u00e8s pr\u00e9cis : au milli\u00e8me de % pr\u00e8s! Suit une suggestion \u00e0 \u00ab changer de point de vue \u00bb et un point d&rsquo;interrogation. <br>L&rsquo;auteur nous sugg\u00e8re donc de regarder non plus les d\u00e9c\u00e8s, mais les survivants. Il sugg\u00e8re qu&rsquo;au moins 99,9 % des humains, des habitants de la terre, survivront. De plus, moins de 0,1 % de d\u00e9c\u00e8s, ce ne semble pas \u00eatre beaucoup &#8230; <br>Et nous glissons doucement dans le d\u00e9ni, dire que non, que ce n&rsquo;est pas grave, on en fait trop avec ce virus, \u00abHakuna matata\u00bb, pas de souci, vivons notre vie &#8230;<br><br>C&rsquo;est notre d\u00e9sir, c&rsquo;est notre r\u00eave, &#8230; mais n&rsquo;est-ce pas une illusion, \u00e0 laquelle nous voudrions croire  ?<br><br>Regardons de plus pr\u00e8s.<\/p>\n\n\n\n<h3 class=\"wp-block-heading\" id=\"do\u00f9-sortent-ces-chiffres--\">D&rsquo;o\u00f9 sortent ces chiffres ? <\/h3>\n\n\n\n<p>D&rsquo;o\u00f9 viennent les pourcentages ? Ce n&rsquo;est pas pr\u00e9cis\u00e9, mais nous supposons qu&rsquo;ils sont le fruit d&rsquo;un passage du \u00abverre \u00e0 moiti\u00e9 vide\u00bb au \u00abverre \u00e0 moiti\u00e9 plein\u00bb, le r\u00e9sultat d&rsquo;une simple soustraction \u00e0 partir de la mortalit\u00e9 : <br><p class=\"ql-center-displayed-equation\" style=\"line-height: 15px;\"><span class=\"ql-right-eqno\"> &nbsp; <\/span><span class=\"ql-left-eqno\"> &nbsp; <\/span><img decoding=\"async\" loading=\"lazy\" src=\"https:\/\/www.andremalo.be\/blog\/wp-content\/ql-cache\/quicklatex.com-e5a95c90007c4bef2fa9ab79356e70fb_l3.png\" height=\"15\" width=\"180\" class=\"ql-img-displayed-equation quicklatex-auto-format\" alt=\"&#92;&#91;&#49;&#48;&#48;&#32;&#92;&#37;&#32;&#45;&#32;&#92;&#37;&#92;&#32;&#100;&#101;&#92;&#32;&#109;&#111;&#114;&#116;&#97;&#108;&#105;&#116;&eacute;&#92;&#93;\" title=\"Rendered by QuickLaTeX.com\"\/><\/p><br>Par exemple, pour la Belgique :<br><p class=\"ql-center-displayed-equation\" style=\"line-height: 18px;\"><span class=\"ql-right-eqno\"> &nbsp; <\/span><span class=\"ql-left-eqno\"> &nbsp; <\/span><img decoding=\"async\" loading=\"lazy\" src=\"https:\/\/www.andremalo.be\/blog\/wp-content\/ql-cache\/quicklatex.com-ba2fe9726cad8497b6033781f3411c7f_l3.png\" height=\"18\" width=\"281\" class=\"ql-img-displayed-equation quicklatex-auto-format\" alt=\"&#92;&#91;&#49;&#48;&#48;&#32;&#92;&#37;&#32;&#45;&#32;&#120;&#32;&#92;&#37;&#92;&#32;&#100;&#101;&#92;&#32;&#109;&#111;&#114;&#116;&#97;&#108;&#105;&#116;&eacute;&#32;&#61;&#32;&#57;&#57;&#44;&#57;&#52;&#52;&#32;&#92;&#37;&#92;&#93;\" title=\"Rendered by QuickLaTeX.com\"\/><\/p><br>L&rsquo;auteur se baserait sur une mortalit\u00e9 de <img decoding=\"async\" loading=\"lazy\" src=\"https:\/\/www.andremalo.be\/blog\/wp-content\/ql-cache\/quicklatex.com-c883d72f45ac6afb7408c7b71c060ead_l3.png\" class=\"ql-img-inline-formula quicklatex-auto-format\" alt=\"&#48;&#44;&#48;&#53;&#54;&#32;&#92;&#37;\" title=\"Rendered by QuickLaTeX.com\" height=\"18\" width=\"58\" style=\"vertical-align: -4px;\"\/>.<\/p>\n\n\n\n<h3 class=\"wp-block-heading\" id=\"est-ce-logique-\">Est-ce logique ?<\/h3>\n\n\n\n<p id=\"premier-probl\u00e8me--le-pourcentage-obtenu-rassemble-plusieurs-classes-de-personnes----celles-qui-nont-jamais-\u00e9t\u00e9-en-contact-avec-par-un-\u00abspike\u00bb-de-sars-cov-2---celles-qui-ont-fait-la-maladie-avec-divers-degr\u00e9s-de-gravit\u00e9-et-de-s\u00e9quelles-et-sont-maintenant-consid\u00e9r\u00e9es-comme-gu\u00e9ries---celles-qui-sont-d\u00e9c\u00e9d\u00e9es-de-la-covid-19-mais-dont-le-diagnostic-na-pas-\u00e9t\u00e9-confirm\u00e9-en-bonne-et-due-forme-surtout-parmi-les-personnes-\u00e2g\u00e9es-rappelons-que-la-belgique-compte-un-nombre-\u00e9lev\u00e9-de-d\u00e9c\u00e8s-car-elle-a-int\u00e9gr\u00e9-ceux-survenus-en-\u00abmaison-de-repos-et-de-soins\u00bb-voir-larticle---httpswwwrtbfbeinfosocietedetail_coronavirus-les-cartes-de-surmortalite-montrent-l-effet-tache-d-huile-venu-du-sud-de-l-europeid10502685----celles-qui-sont-d\u00e9c\u00e9d\u00e9es-dun-accident-ou-dune-autre-maladie-que-la-covid-19-ces-deux-derni\u00e8res-classes-peuvent-elles-\u00eatre-int\u00e9gr\u00e9es-\u00e0-\u00absurvivantes-au-covid-19\u00bb-\">Premi\u00e8re question : peut-on assimiler \u00absurvivant au Covid-19\u00bb et \u00abnon-mort de la Covid-19\u00bb ?<br><br>Oui, \u00e0 premi\u00e8re vue. Mais non, car \u00e0 la r\u00e9flexion, le pourcentage obtenu rassemble plusieurs groupes de personnes :<br>&#8211; celles qui n&rsquo;ont jamais \u00e9t\u00e9 malades, ou m\u00eame jamais risqu\u00e9 d&rsquo;\u00eatre en contact avec par un \u00abspike\u00bb de SARS-CoV-2,<br>&#8211; celles qui sont ou ont \u00e9t\u00e9 malades plus ou moins gravement,<br>&#8211; celles qui sont d\u00e9c\u00e9d\u00e9es de la Covid-19, mais dont le diagnostic n&rsquo;a pas \u00e9t\u00e9 confirm\u00e9 en bonne et due forme, surtout parmi les personnes \u00e2g\u00e9es. Rappelons que la Belgique compte un nombre \u00e9lev\u00e9 de d\u00e9c\u00e8s car elle y a int\u00e9gr\u00e9 ceux survenus en \u00abMaison de Repos et de Soins\u00bb, <span class=\"footnote_referrer\"><a role=\"button\" tabindex=\"0\" onclick=\"footnote_moveToReference_1524_1('footnote_plugin_reference_1524_1_1');\" onkeypress=\"footnote_moveToReference_1524_1('footnote_plugin_reference_1524_1_1');\" ><sup id=\"footnote_plugin_tooltip_1524_1_1\" class=\"footnote_plugin_tooltip_text\">[1]<\/sup><\/a><span id=\"footnote_plugin_tooltip_text_1524_1_1\" class=\"footnote_tooltip\">Voir l&rsquo;article : <a href=\"https:\/\/www.rtbf.be\/info\/societe\/detail_coronavirus-les-cartes-de-surmortalite-montrent-l-effet-tache-d-huile-venu-du-sud-de-l-europe?id=10502685\"><span class=\"footnote_url_wrap\">https:\/\/www.rtbf.be\/info\/societe\/detail_coronavirus-les-cartes-de-surmortalite-montrent-l-effet-tache-d-huile-venu-du-sud-de-l-europe?id=10502685<\/span><\/a><\/span><\/span><script type=\"text\/javascript\"> jQuery('#footnote_plugin_tooltip_1524_1_1').tooltip({ tip: '#footnote_plugin_tooltip_text_1524_1_1', tipClass: 'footnote_tooltip', effect: 'fade', predelay: 0, fadeInSpeed: 200, delay: 400, fadeOutSpeed: 200, position: 'top center', relative: true, offset: [-7, 0], });<\/script><br>&#8211; celles qui sont d\u00e9c\u00e9d\u00e9es d&rsquo;un accident ou d&rsquo;une autre maladie que la Covid-19.<br>Toutes ces personnes peuvent-elles \u00eatre qualifi\u00e9es de \u00absurvivantes au Covid-19\u00bb ? Certainement pas celles du troisi\u00e8me groupe, pour les autres, cela se discute et &#8230; ne faut-il pas avoir \u00e9t\u00e9 malade pour \u00eatre qualifi\u00e9 de survivant ?<br><br>Nous ne sommes pas dans une logique du \u00ab tiers exclus \u00bb : \u00abnon-morts de la COVID\u00bb n&rsquo;est pas \u00e9quivalent \u00e0 \u00absurvivant \u00e0 la COVID\u00bb.<\/p>\n\n\n\n<h3 class=\"wp-block-heading\" id=\"est-ce-exact-\">Est-ce exact ?<\/h3>\n\n\n\n<p>Deuxi\u00e8me question : malgr\u00e9 cela, ces statistiques sont-elles exactes ?<br><br>Une mortalit\u00e9 de <img decoding=\"async\" loading=\"lazy\" src=\"https:\/\/www.andremalo.be\/blog\/wp-content\/ql-cache\/quicklatex.com-c883d72f45ac6afb7408c7b71c060ead_l3.png\" class=\"ql-img-inline-formula quicklatex-auto-format\" alt=\"&#48;&#44;&#48;&#53;&#54;&#32;&#92;&#37;\" title=\"Rendered by QuickLaTeX.com\" height=\"18\" width=\"58\" style=\"vertical-align: -4px;\"\/> pour la Belgique ? V\u00e9rifions en effectuant le calcul \u00e0 l&rsquo;envers, m\u00eame si le r\u00e9sultat sera approximatif :<br>Au 31 d\u00e9cembre 2020, la Belgique comptait <img decoding=\"async\" loading=\"lazy\" src=\"https:\/\/www.andremalo.be\/blog\/wp-content\/ql-cache\/quicklatex.com-c531a10cfbcdf2d12c16857229ae34e2_l3.png\" class=\"ql-img-inline-formula quicklatex-auto-format\" alt=\"&#49;&#49;&#92;&#32;&#52;&#57;&#50;&#92;&#32;&#54;&#52;&#49;\" title=\"Rendered by QuickLaTeX.com\" height=\"12\" width=\"81\" style=\"vertical-align: 0px;\"\/> habitants,<br> <span class=\"footnote_referrer\"><a role=\"button\" tabindex=\"0\" onclick=\"footnote_moveToReference_1524_1('footnote_plugin_reference_1524_1_2');\" onkeypress=\"footnote_moveToReference_1524_1('footnote_plugin_reference_1524_1_2');\" ><sup id=\"footnote_plugin_tooltip_1524_1_2\" class=\"footnote_plugin_tooltip_text\">[2]<\/sup><\/a><span id=\"footnote_plugin_tooltip_text_1524_1_2\" class=\"footnote_tooltip\">Site de Statbel : <a href=\"http:\/\/https%20\/\/statbel.fgov.be\/fr\/themes\/population\/structure-de-la-population\">https :\/\/statbel.fgov.be\/fr\/themes\/population\/structure-de-la-population<\/a><\/span><\/span><script type=\"text\/javascript\"> jQuery('#footnote_plugin_tooltip_1524_1_2').tooltip({ tip: '#footnote_plugin_tooltip_text_1524_1_2', tipClass: 'footnote_tooltip', effect: 'fade', predelay: 0, fadeInSpeed: 200, delay: 400, fadeOutSpeed: 200, position: 'top center', relative: true, offset: [-7, 0], });<\/script> donc:<br><p class=\"ql-center-displayed-equation\" style=\"line-height: 37px;\"><span class=\"ql-right-eqno\"> &nbsp; <\/span><span class=\"ql-left-eqno\"> &nbsp; <\/span><img decoding=\"async\" loading=\"lazy\" src=\"https:\/\/www.andremalo.be\/blog\/wp-content\/ql-cache\/quicklatex.com-dae05f76ad1c503b73ae5f854396b254_l3.png\" height=\"37\" width=\"476\" class=\"ql-img-displayed-equation quicklatex-auto-format\" alt=\"&#92;&#91;&#78;&#111;&#109;&#98;&#114;&#101;&#92;&#32;&#100;&#101;&#92;&#32;&#100;&eacute;&#99;&egrave;&#115;&#92;&#32;&#67;&#111;&#118;&#105;&#100;&#32;&#61;&#32;&#92;&#102;&#114;&#97;&#99;&#123;&#48;&#44;&#48;&#53;&#54;&#32;&#92;&#116;&#105;&#109;&#101;&#115;&#32;&#49;&#49;&#92;&#32;&#52;&#57;&#50;&#92;&#32;&#54;&#52;&#49;&#125;&#123;&#49;&#48;&#48;&#125;&#61;&#54;&#92;&#32;&#52;&#51;&#54;&#92;&#32;&#100;&eacute;&#99;&egrave;&#115;&#92;&#93;\" title=\"Rendered by QuickLaTeX.com\"\/><\/p><br>Cette valeur \u00e9tait atteinte &#8230; vers le 21 avril 2020 !<br><br>Et en France m\u00e9tropolitaine ? Elle comptait <img decoding=\"async\" loading=\"lazy\" src=\"https:\/\/www.andremalo.be\/blog\/wp-content\/ql-cache\/quicklatex.com-61d66d5bc61dcc30ac4765a774f9eb64_l3.png\" class=\"ql-img-inline-formula quicklatex-auto-format\" alt=\"&#54;&#55;&#92;&#32;&#52;&#52;&#55;&#92;&#32;&#52;&#53;&#51;\" title=\"Rendered by QuickLaTeX.com\" height=\"13\" width=\"83\" style=\"vertical-align: 0px;\"\/> habitants au 1er janvier 2021<span class=\"footnote_referrer\"><a role=\"button\" tabindex=\"0\" onclick=\"footnote_moveToReference_1524_1('footnote_plugin_reference_1524_1_3');\" onkeypress=\"footnote_moveToReference_1524_1('footnote_plugin_reference_1524_1_3');\" ><sup id=\"footnote_plugin_tooltip_1524_1_3\" class=\"footnote_plugin_tooltip_text\">[3]<\/sup><\/a><span id=\"footnote_plugin_tooltip_text_1524_1_3\" class=\"footnote_tooltip\">Site de l&rsquo;Insee : <a href=\"https:\/\/www.insee.fr\/fr\/statistiques\/5225246\"><span class=\"footnote_url_wrap\">https:\/\/www.insee.fr\/fr\/statistiques\/5225246<\/span><\/a><\/span><\/span><script type=\"text\/javascript\"> jQuery('#footnote_plugin_tooltip_1524_1_3').tooltip({ tip: '#footnote_plugin_tooltip_text_1524_1_3', tipClass: 'footnote_tooltip', effect: 'fade', predelay: 0, fadeInSpeed: 200, delay: 400, fadeOutSpeed: 200, position: 'top center', relative: true, offset: [-7, 0], });<\/script>. Calculons : <img decoding=\"async\" loading=\"lazy\" src=\"https:\/\/www.andremalo.be\/blog\/wp-content\/ql-cache\/quicklatex.com-23887d1604e83d96fe5d34cbd2e8ed99_l3.png\" class=\"ql-img-inline-formula quicklatex-auto-format\" alt=\"&#57;&#57;&#44;&#57;&#54;&#53;&#32;&#92;&#37;\" title=\"Rendered by QuickLaTeX.com\" height=\"18\" width=\"67\" style=\"vertical-align: -4px;\"\/> de survivants, soit 0,035 % de d\u00e9c\u00e8s, correspond \u00e0 :<br><p class=\"ql-center-displayed-equation\" style=\"line-height: 37px;\"><span class=\"ql-right-eqno\"> &nbsp; <\/span><span class=\"ql-left-eqno\"> &nbsp; <\/span><img decoding=\"async\" loading=\"lazy\" src=\"https:\/\/www.andremalo.be\/blog\/wp-content\/ql-cache\/quicklatex.com-f043f8044811b78a2a8adc0cd2b31fff_l3.png\" height=\"37\" width=\"432\" class=\"ql-img-displayed-equation quicklatex-auto-format\" alt=\"&#92;&#91;&#78;&#111;&#109;&#98;&#114;&#101;&#92;&#32;&#100;&#101;&#92;&#32;&#100;&eacute;&#99;&egrave;&#115;&#61;&#92;&#102;&#114;&#97;&#99;&#123;&#48;&#44;&#48;&#51;&#53;&#32;&#92;&#116;&#105;&#109;&#101;&#115;&#32;&#54;&#55;&#92;&#32;&#52;&#52;&#55;&#92;&#32;&#52;&#53;&#51;&#125;&#123;&#49;&#48;&#48;&#125;&#61;&#50;&#51;&#92;&#32;&#54;&#48;&#54;&#92;&#32;&#100;&eacute;&#99;&egrave;&#115;&#92;&#93;\" title=\"Rendered by QuickLaTeX.com\"\/><\/p><br>Ce nombre \u00e9tait atteint &#8230; vers le 29 avril 2020 !<br><br>Donc, ce tableau a \u00e9t\u00e9 peut-\u00eatre exact, &#8230; \u00e0 la fin du mois d&rsquo;avril 2020 <meta charset=\"utf-8\"><span class=\"footnote_referrer\"><a role=\"button\" tabindex=\"0\" onclick=\"footnote_moveToReference_1524_1('footnote_plugin_reference_1524_1_4');\" onkeypress=\"footnote_moveToReference_1524_1('footnote_plugin_reference_1524_1_4');\" ><sup id=\"footnote_plugin_tooltip_1524_1_4\" class=\"footnote_plugin_tooltip_text\">[4]<\/sup><\/a><span id=\"footnote_plugin_tooltip_text_1524_1_4\" class=\"footnote_tooltip\">Selon les statistiques du site de l&rsquo;OMS : <a href=\"https:\/\/covid19.who.int\"><span class=\"footnote_url_wrap\">https:\/\/covid19.who.int<\/span><\/a> <\/span><\/span><script type=\"text\/javascript\"> jQuery('#footnote_plugin_tooltip_1524_1_4').tooltip({ tip: '#footnote_plugin_tooltip_text_1524_1_4', tipClass: 'footnote_tooltip', effect: 'fade', predelay: 0, fadeInSpeed: 200, delay: 400, fadeOutSpeed: 200, position: 'top center', relative: true, offset: [-7, 0], });<\/script>. <br><br>Et nous ne savons que trop que la pand\u00e9mie s&rsquo;est poursuivie, avec ses comptages des contaminations, des hospitalisations, des d\u00e9c\u00e8s, et heureusement des gu\u00e9risons et des vaccinations.<\/p>\n\n\n\n<p><img decoding=\"async\" loading=\"lazy\" src=\"https:\/\/www.andremalo.be\/blog\/wp-content\/ql-cache\/quicklatex.com-8b2a8824a82b13c01037091cf0800854_l3.png\" class=\"ql-img-inline-formula quicklatex-auto-format\" alt=\"&#92;&#98;&#101;&#103;&#105;&#110;&#123;&#97;&#114;&#114;&#97;&#121;&#125;&#123;&#124;&#32;&#108;&#32;&#124;&#32;&#114;&#32;&#124;&#32;&#114;&#32;&#124;&#32;&#114;&#32;&#124;&#32;&#114;&#32;&#124;&#125;&#32;&#92;&#104;&#108;&#105;&#110;&#101;&#92;&#114;&#109;&#123;&#68;&eacute;&#99;&egrave;&#115;&#92;&#32;&#99;&#117;&#109;&#117;&#108;&eacute;&#115;&#92;&#32;&#32;&#97;&#117;&#125;&#32;&#38;&#32;&#92;&#114;&#109;&#123;&#51;&#48;&#92;&#32;&#97;&#118;&#114;&#105;&#108;&#92;&#32;&#32;&#50;&#48;&#50;&#48;&#125;&#32;&#38;&#32;&#92;&#114;&#109;&#123;&#51;&#49;&#92;&#32;&#100;&eacute;&#99;&#101;&#109;&#98;&#114;&#101;&#92;&#32;&#50;&#48;&#50;&#48;&#125;&#32;&#38;&#32;&#92;&#114;&#109;&#123;&#51;&#49;&#92;&#32;&#100;&eacute;&#99;&#101;&#109;&#98;&#114;&#101;&#92;&#32;&#50;&#48;&#50;&#49;&#125;&#32;&#38;&#32;&#92;&#114;&#109;&#123;&#46;&#46;&#46;&#125;&#32;&#92;&#92;&#32;&#92;&#104;&#108;&#105;&#110;&#101;&#92;&#114;&#109;&#123;&#85;&#46;&#83;&#46;&#65;&#46;&#125;&#32;&#38;&#32;&#54;&#48;&#92;&#32;&#53;&#56;&#52;&#32;&#38;&#32;&#51;&#53;&#50;&#92;&#32;&#50;&#53;&#56;&#32;&#38;&#32;&#56;&#49;&#55;&#92;&#32;&#49;&#56;&#53;&#32;&#38;&#32;&#92;&#92;&#32;&#92;&#104;&#108;&#105;&#110;&#101;&#92;&#114;&#109;&#123;&#69;&#115;&#112;&#97;&#103;&#110;&#101;&#125;&#32;&#38;&#32;&#50;&#53;&#92;&#32;&#54;&#55;&#51;&#32;&#38;&#32;&#53;&#51;&#92;&#32;&#57;&#57;&#50;&#32;&#38;&#32;&#56;&#57;&#92;&#32;&#54;&#48;&#53;&#32;&#38;&#32;&#92;&#92;&#32;&#92;&#104;&#108;&#105;&#110;&#101;&#92;&#114;&#109;&#123;&#66;&#101;&#108;&#103;&#105;&#113;&#117;&#101;&#125;&#32;&#38;&#32;&#55;&#92;&#32;&#56;&#48;&#56;&#32;&#38;&#32;&#49;&#57;&#92;&#32;&#55;&#51;&#50;&#32;&#38;&#32;&#50;&#56;&#92;&#32;&#51;&#51;&#52;&#32;&#38;&#32;&#92;&#92;&#32;&#92;&#104;&#108;&#105;&#110;&#101;&#92;&#114;&#109;&#123;&#73;&#116;&#97;&#108;&#105;&#101;&#125;&#32;&#38;&#32;&#50;&#55;&#92;&#32;&#54;&#56;&#50;&#32;&#38;&#32;&#55;&#51;&#92;&#32;&#54;&#48;&#52;&#32;&#38;&#32;&#49;&#51;&#55;&#92;&#32;&#50;&#52;&#55;&#32;&#38;&#32;&#92;&#92;&#32;&#92;&#104;&#108;&#105;&#110;&#101;&#92;&#114;&#109;&#123;&#70;&#114;&#97;&#110;&#99;&#101;&#125;&#32;&#38;&#32;&#50;&#52;&#92;&#32;&#48;&#53;&#52;&#32;&#38;&#32;&#54;&#52;&#92;&#32;&#48;&#48;&#52;&#32;&#38;&#32;&#49;&#50;&#48;&#92;&#32;&#57;&#54;&#50;&#32;&#38;&#32;&#92;&#92;&#32;&#92;&#104;&#108;&#105;&#110;&#101;&#92;&#114;&#109;&#123;&#71;&#114;&#97;&#110;&#100;&#101;&#45;&#66;&#114;&#101;&#116;&#97;&#103;&#110;&#101;&#125;&#32;&#38;&#32;&#50;&#54;&#92;&#32;&#48;&#52;&#57;&#32;&#38;&#32;&#55;&#50;&#92;&#32;&#53;&#52;&#56;&#32;&#38;&#32;&#49;&#52;&#56;&#92;&#32;&#52;&#50;&#49;&#32;&#38;&#32;&#92;&#92;&#32;&#92;&#104;&#108;&#105;&#110;&#101;&#92;&#114;&#109;&#123;&#70;&eacute;&#100;&eacute;&#114;&#97;&#116;&#105;&#111;&#110;&#32;&#82;&#117;&#115;&#115;&#105;&#101;&#125;&#32;&#38;&#32;&#49;&#92;&#32;&#48;&#55;&#51;&#32;&#38;&#32;&#53;&#55;&#92;&#32;&#48;&#49;&#57;&#32;&#38;&#32;&#51;&#48;&#56;&#92;&#32;&#56;&#54;&#48;&#32;&#38;&#32;&#92;&#92;&#32;&#92;&#104;&#108;&#105;&#110;&#101;&#92;&#114;&#109;&#123;&#77;&#79;&#78;&#68;&#69;&#125;&#32;&#38;&#32;&#50;&#51;&#51;&#92;&#32;&#54;&#52;&#52;&#32;&#38;&#32;&#49;&#92;&#32;&#57;&#48;&#49;&#92;&#32;&#55;&#55;&#56;&#32;&#38;&#32;&#53;&#92;&#32;&#52;&#50;&#57;&#92;&#32;&#53;&#51;&#53;&#32;&#38;&#32;&#92;&#92;&#32;&#92;&#104;&#108;&#105;&#110;&#101;&#92;&#101;&#110;&#100;&#123;&#97;&#114;&#114;&#97;&#121;&#125;\" title=\"Rendered by QuickLaTeX.com\" height=\"205\" width=\"623\" style=\"vertical-align: -98px;\"\/><br>Nombres des d\u00e9c\u00e8s cumul\u00e9s &#8211; Source : Site O.M.S. &#8211; 18 janvier 2022<\/p>\n\n\n\n<p>\u00c0 partir de cet exemple, nous pouvons d\u00e9terminer des crit\u00e8res qui permet d&rsquo;accorder confiance \u00e0 des statistiques, &#8230; ou pas : l&rsquo;article pr\u00e9cise-t-il quand et par qui les donn\u00e9es ont \u00e9t\u00e9 rassembl\u00e9es ? Et o\u00f9 ? comment ? avec quelles quelles motivations ? dans quel but ? Les marges d&rsquo;erreur des estimations sont-elles mentionn\u00e9es ? etc.<\/p>\n\n\n\n<h2 class=\"wp-block-heading\" id=\"un-monde-r\u00e9duit-\">Un monde r\u00e9duit &#8230;<\/h2>\n\n\n\n<p id=\"-\">Regardons aussi les pays mentionn\u00e9s : Etats-Unis, Espagne, Belgique, Italie, France, Royaume-Uni, Russie. Sept pays d&rsquo;Europe, sauf un, et sept pays, sauf un, class\u00e9s par les Nations Unies en fonction de l&rsquo;\u00abindice de d\u00e9veloppement humain\u00bb comme d&rsquo;indice \u00abtr\u00e8s \u00e9lev\u00e9\u00bb et, sauf pour la Russie, \u00aben augmentation\u00bb. <span class=\"footnote_referrer\"><a role=\"button\" tabindex=\"0\" onclick=\"footnote_moveToReference_1524_1('footnote_plugin_reference_1524_1_5');\" onkeypress=\"footnote_moveToReference_1524_1('footnote_plugin_reference_1524_1_5');\" ><sup id=\"footnote_plugin_tooltip_1524_1_5\" class=\"footnote_plugin_tooltip_text\">[5]<\/sup><\/a><span id=\"footnote_plugin_tooltip_text_1524_1_5\" class=\"footnote_tooltip\"> <a href=\"https:\/\/fr.wikipedia.org\/wiki\/Liste_des_pays_par_IDH#IDH_2015_(publi%C3%A9_en_2016)[6]\"><span class=\"footnote_url_wrap\">https:\/\/fr.wikipedia.org\/wiki\/Liste_des_pays_par_IDH#IDH_2015_(publi\u00e9_en_2016)[6]<\/span><\/a> <\/span><\/span><script type=\"text\/javascript\"> jQuery('#footnote_plugin_tooltip_1524_1_5').tooltip({ tip: '#footnote_plugin_tooltip_text_1524_1_5', tipClass: 'footnote_tooltip', effect: 'fade', predelay: 0, fadeInSpeed: 200, delay: 400, fadeOutSpeed: 200, position: 'top center', relative: true, offset: [-7, 0], });<\/script><br>Nous ne devons donc pas nous attendre \u00e0 de grands \u00e9carts, puisque ce sont des pays de niveaux comparables concernant la sant\u00e9, l&rsquo;\u00e9ducation et l&rsquo;\u00e9conomie.<br>Mais c&rsquo;est une pand\u00e9mie, qui concerne tous les pays du monde, quel que soit leur \u00abindice de d\u00e9veloppement humain\u00bb, alors pourquoi ce choix ?<br>De plus, nous verrons plus loin que, lorsqu&rsquo;une \u00e9tude rencontre des \u00e9carts statistiques importants, elle devient fructueuse car elle conduit \u00e0 poser des questions, \u00e9mettre des hypoth\u00e8ses, chercher des r\u00e9ponses, faire avancer les recherches.<br>D\u00e9j\u00e0 dans le tableau au d\u00e9but de notre article, nous pouvons constater qu&rsquo;il y avait plus de d\u00e9c\u00e8s en Belgique. Pourquoi ? Rapidement, il a \u00e9t\u00e9 signal\u00e9 que certains Etats ne prenaient en compte que les d\u00e9c\u00e8s survenus \u00e0 l&rsquo;h\u00f4pital, et que d&rsquo;autres, comme la Belgique, y liaient des d\u00e9c\u00e8s survenus en maisons de repos et de soins.<\/p>\n\n\n\n<h3 class=\"wp-block-heading\" id=\"la-mortalit\u00e9-cest-quoi-\">La mortalit\u00e9, c&rsquo;est quoi ?<\/h3>\n\n\n\n<p>L&rsquo;auteur n&rsquo;a pas r\u00e9ellement chang\u00e9 de point de vue : passant du verre \u00ab\u00e0 moiti\u00e9 plein\u00bb au verre \u00ab\u00e0 moiti\u00e9 vide\u00bb, il continue de regarder la mortalit\u00e9 !<br>Nous savons que la mortalit\u00e9 est un pourcentage qui rapporte le nombre de personnes d\u00e9c\u00e9d\u00e9es \u00e0 l&rsquo;ensemble de la population d&rsquo;un pays.<br>Elle est utilis\u00e9e principalement afin de comparer et de piloter les politiques de la sant\u00e9. Elle n&rsquo;est qu&rsquo;un des \u00e9l\u00e9ments qui permettent d&rsquo;\u00e9valuer la gravit\u00e9 d&rsquo;une maladie.<br><br>Mais num\u00e9riquement, elle rapporte le plus petit nombre disponible dans les statistiques, le nombre de d\u00e9c\u00e8s au plus grand nombre disponible, c&rsquo;est \u00e0 dire le nombre total d&rsquo;habitants du pays. En exprim\u00e9 en %, elle appara\u00eet apr\u00e8s la virgule. On ne peut pas trouver plus petit.<br>Par contre, c&rsquo;est LE risque majeur, celui que nous redoutons, que nous pr\u00e9f\u00e9rons ignorer, mais que nous rencontrerons in\u00e9vitablement un jour : le point final de notre histoire personnelle sur la Terre. C&rsquo;est notre seule vraie certitude.<br>Le pourcentage de mortalit\u00e9 est donc la statistique la plus rassurante : il n&rsquo;y a que &#8230; ! Cela d\u00e9pend de la variable \u00e0 laquelle on rapporte le nombre de d\u00e9c\u00e8s : population, nombre de malades, nombre d&rsquo;hospitalis\u00e9s, &#8230; ? La prudence s&rsquo;impose.<\/p>\n\n\n\n<p>Parler en nombres absolus de milliers ou de millions de d\u00e9c\u00e8s comme le fait le site de l&rsquo;OMS est plus r\u00e9aliste, m\u00eame si c&rsquo;est plus inqui\u00e9tant, et pourtant c&rsquo;est la m\u00eame variable : le nombre de d\u00e9c\u00e8s. <\/p>\n\n\n\n<h3 class=\"wp-block-heading\" id=\"dautres-outils-que-les-pourcentages-\">D&rsquo;autres outils que les pourcentages ?<\/h3>\n\n\n\n<p>Nous avons vu que le recours au \u00abpourcentage\u00bb doit se faire avec prudence, car il peut minimiser l&rsquo;importance de rapports entre deux grandeurs.<br>Remarquons que le site de l&rsquo;OMS <span class=\"footnote_referrer\"><a role=\"button\" tabindex=\"0\" onclick=\"footnote_moveToReference_1524_1('footnote_plugin_reference_1524_1_6');\" onkeypress=\"footnote_moveToReference_1524_1('footnote_plugin_reference_1524_1_6');\" ><sup id=\"footnote_plugin_tooltip_1524_1_6\" class=\"footnote_plugin_tooltip_text\">[6]<\/sup><\/a><span id=\"footnote_plugin_tooltip_text_1524_1_6\" class=\"footnote_tooltip\">Voir le site de l&rsquo;OMS : <a href=\"https:\/\/covid19.who.int\"><span class=\"footnote_url_wrap\">https:\/\/covid19.who.int<\/span><\/a><\/span><\/span><script type=\"text\/javascript\"> jQuery('#footnote_plugin_tooltip_1524_1_6').tooltip({ tip: '#footnote_plugin_tooltip_text_1524_1_6', tipClass: 'footnote_tooltip', effect: 'fade', predelay: 0, fadeInSpeed: 200, delay: 400, fadeOutSpeed: 200, position: 'top center', relative: true, offset: [-7, 0], });<\/script> privil\u00e9gie l&rsquo;affichage des nombres bruts : nouveaux cas, cas confirm\u00e9s, d\u00e9c\u00e8s, et maintenant nombre de vaccins administr\u00e9s. C&rsquo;est en effet plus s\u00fbr.<br>D&rsquo;autres outils statistiques nous permettent de nous faire des images plus r\u00e9alistes d&rsquo;un ph\u00e9nom\u00e8ne dans une population, car rapporter \u00e0 100 induit l&rsquo;id\u00e9e d&rsquo;un petit village :<br>&#8211; rapporter le nombre de d\u00e9c\u00e8s \u00e0 100 000 habitants, donc \u00e0 des communes comme Namur (111 127 habitants), Leuven (102 126 h), Molenbeek (97 365 h), Mons (95 568 h), ou en France, Roubaix (98 089 h), Nancy (104 885 h), Caen (105 512 h).<br>&#8211; rapporter le nombre de d\u00e9c\u00e8s \u00e0 1 000 000 habitants, donc \u00e0 des villes  comme Bruxelles-Capitale (1 200 322 h) , ou en France, Marseille (870 731 h) <span class=\"footnote_referrer\"><a role=\"button\" tabindex=\"0\" onclick=\"footnote_moveToReference_1524_1('footnote_plugin_reference_1524_1_7');\" onkeypress=\"footnote_moveToReference_1524_1('footnote_plugin_reference_1524_1_7');\" ><sup id=\"footnote_plugin_tooltip_1524_1_7\" class=\"footnote_plugin_tooltip_text\">[7]<\/sup><\/a><span id=\"footnote_plugin_tooltip_text_1524_1_7\" class=\"footnote_tooltip\">Sources : Les articles <a href=\"https:\/\/fr.wikipedia.org\/wiki\/Liste_des_communes_de_Belgique_par_population\"><span class=\"footnote_url_wrap\">https:\/\/fr.wikipedia.org\/wiki\/Liste_des_communes_de_Belgique_par_population<\/span><\/a> et <a href=\"https:\/\/fr.wikipedia.org\/wiki\/Liste_des_communes_de_France_les_plus_peupl\u00e9es\"><span class=\"footnote_url_wrap\">https:\/\/fr.wikipedia.org\/wiki\/Liste_des_communes_de_France_les_plus_peupl\u00e9es<\/span><\/a>  <\/span><\/span><script type=\"text\/javascript\"> jQuery('#footnote_plugin_tooltip_1524_1_7').tooltip({ tip: '#footnote_plugin_tooltip_text_1524_1_7', tipClass: 'footnote_tooltip', effect: 'fade', predelay: 0, fadeInSpeed: 200, delay: 400, fadeOutSpeed: 200, position: 'top center', relative: true, offset: [-7, 0], });<\/script>.<\/p>\n\n\n\n<p>D\u00e9c\u00e8s cumul\u00e9s au 18&nbsp;janvier&nbsp;2022 :<br><img decoding=\"async\" loading=\"lazy\" src=\"https:\/\/www.andremalo.be\/blog\/wp-content\/ql-cache\/quicklatex.com-0afd11e6dab10efc366e5023316dfca4_l3.png\" class=\"ql-img-inline-formula quicklatex-auto-format\" alt=\"&#92;&#98;&#101;&#103;&#105;&#110;&#123;&#97;&#114;&#114;&#97;&#121;&#125;&#123;&#124;&#32;&#108;&#32;&#124;&#32;&#114;&#32;&#124;&#32;&#114;&#32;&#124;&#32;&#114;&#32;&#124;&#32;&#114;&#32;&#124;&#32;&#114;&#32;&#124;&#125;&#32;&#92;&#104;&#108;&#105;&#110;&#101;&#92;&#114;&#109;&#123;&#80;&#97;&#121;&#115;&#125;&#32;&#38;&#32;&#92;&#114;&#109;&#123;&#78;&#111;&#109;&#98;&#114;&#101;&#125;&#32;&#38;&#32;&#92;&#114;&#109;&#123;&#80;&#111;&#112;&#117;&#108;&#97;&#116;&#105;&#111;&#110;&#125;&#32;&#38;&#32;&#38;&#32;&#92;&#114;&#109;&#123;&#80;&#111;&#117;&#114;&#125;&#32;&#38;&#32;&#92;&#114;&#109;&#123;&#80;&#111;&#117;&#114;&#125;&#32;&#92;&#92;&#38;&#32;&#92;&#114;&#109;&#123;&#100;&#101;&#125;&#32;&#38;&#32;&#38;&#32;&#92;&#37;&#32;&#38;&#32;&#49;&#48;&#48;&#92;&#32;&#48;&#48;&#48;&#32;&#38;&#32;&#49;&#92;&#32;&#48;&#48;&#48;&#92;&#32;&#48;&#48;&#48;&#32;&#92;&#92;&#38;&#32;&#92;&#114;&#109;&#123;&#100;&eacute;&#99;&egrave;&#115;&#125;&#32;&#38;&#32;&#38;&#32;&#38;&#32;&#92;&#114;&#109;&#123;&#104;&#97;&#98;&#105;&#116;&#97;&#110;&#116;&#115;&#125;&#32;&#38;&#32;&#92;&#114;&#109;&#123;&#104;&#97;&#98;&#105;&#116;&#97;&#110;&#116;&#115;&#125;&#32;&#92;&#92;&#32;&#92;&#104;&#108;&#105;&#110;&#101;&#92;&#114;&#109;&#123;&#66;&#101;&#108;&#103;&#105;&#113;&#117;&#101;&#125;&#32;&#38;&#32;&#50;&#56;&#92;&#32;&#54;&#54;&#49;&#32;&#38;&#32;&#49;&#49;&#92;&#32;&#54;&#51;&#50;&#92;&#32;&#51;&#51;&#52;&#32;&#38;&#32;&#48;&#44;&#50;&#52;&#54;&#32;&#38;&#32;&#50;&#52;&#54;&#44;&#51;&#57;&#49;&#32;&#38;&#32;&#50;&#92;&#32;&#52;&#54;&#51;&#44;&#57;&#49;&#32;&#92;&#92;&#32;&#92;&#104;&#108;&#105;&#110;&#101;&#92;&#114;&#109;&#123;&#70;&#114;&#97;&#110;&#99;&#101;&#125;&#32;&#38;&#32;&#49;&#50;&#55;&#92;&#32;&#48;&#52;&#55;&#32;&#38;&#32;&#54;&#55;&#92;&#32;&#52;&#50;&#50;&#92;&#32;&#48;&#48;&#48;&#32;&#38;&#32;&#48;&#44;&#49;&#56;&#56;&#32;&#38;&#32;&#49;&#56;&#56;&#44;&#52;&#51;&#54;&#32;&#38;&#32;&#49;&#92;&#32;&#56;&#56;&#52;&#44;&#51;&#54;&#32;&#92;&#92;&#32;&#92;&#104;&#108;&#105;&#110;&#101;&#92;&#114;&#109;&#123;&#65;&#108;&#108;&#101;&#109;&#97;&#103;&#110;&#101;&#125;&#32;&#38;&#32;&#49;&#49;&#53;&#92;&#32;&#56;&#52;&#54;&#32;&#38;&#32;&#56;&#51;&#92;&#32;&#57;&#48;&#48;&#92;&#32;&#52;&#55;&#49;&#32;&#38;&#32;&#48;&#44;&#49;&#51;&#56;&#32;&#38;&#32;&#49;&#51;&#56;&#44;&#48;&#48;&#56;&#32;&#38;&#32;&#49;&#92;&#32;&#51;&#56;&#48;&#44;&#48;&#56;&#32;&#92;&#92;&#32;&#92;&#104;&#108;&#105;&#110;&#101;&#92;&#114;&#109;&#123;&#76;&#117;&#120;&#101;&#109;&#98;&#111;&#117;&#114;&#103;&#125;&#32;&#38;&#32;&#57;&#51;&#56;&#32;&#38;&#32;&#54;&#51;&#52;&#92;&#32;&#56;&#49;&#52;&#32;&#38;&#32;&#48;&#44;&#49;&#52;&#56;&#32;&#38;&#32;&#49;&#52;&#55;&#44;&#55;&#54;&#48;&#32;&#38;&#32;&#49;&#92;&#32;&#52;&#55;&#55;&#44;&#54;&#48;&#32;&#92;&#92;&#32;&#92;&#104;&#108;&#105;&#110;&#101;&#92;&#114;&#109;&#123;&#80;&#97;&#121;&#115;&#45;&#66;&#97;&#115;&#125;&#32;&#38;&#32;&#50;&#49;&#92;&#32;&#50;&#51;&#51;&#32;&#38;&#32;&#49;&#55;&#92;&#32;&#49;&#55;&#51;&#92;&#32;&#48;&#57;&#52;&#32;&#38;&#32;&#48;&#44;&#49;&#50;&#52;&#32;&#38;&#32;&#49;&#50;&#51;&#44;&#54;&#52;&#49;&#32;&#38;&#32;&#49;&#92;&#32;&#50;&#51;&#54;&#44;&#52;&#49;&#32;&#92;&#92;&#32;&#92;&#104;&#108;&#105;&#110;&#101;&#92;&#114;&#109;&#123;&#82;&#111;&#121;&#97;&#117;&#109;&#101;&#45;&#85;&#110;&#105;&#125;&#32;&#38;&#32;&#49;&#53;&#50;&#92;&#32;&#49;&#57;&#55;&#32;&#38;&#32;&#54;&#56;&#92;&#32;&#50;&#48;&#55;&#92;&#32;&#49;&#49;&#52;&#32;&#38;&#32;&#48;&#44;&#50;&#50;&#51;&#32;&#38;&#32;&#50;&#50;&#51;&#44;&#49;&#51;&#57;&#32;&#38;&#32;&#50;&#92;&#32;&#50;&#51;&#49;&#44;&#51;&#57;&#32;&#92;&#92;&#32;&#92;&#104;&#108;&#105;&#110;&#101;&#92;&#114;&#109;&#123;&#84;&#99;&#104;&eacute;&#113;&#117;&#105;&#101;&#125;&#32;&#38;&#32;&#51;&#54;&#92;&#32;&#56;&#55;&#52;&#32;&#38;&#32;&#49;&#48;&#92;&#32;&#55;&#50;&#52;&#92;&#32;&#53;&#53;&#51;&#32;&#38;&#32;&#48;&#44;&#51;&#52;&#52;&#32;&#38;&#32;&#51;&#52;&#51;&#44;&#56;&#50;&#56;&#38;&#32;&#51;&#92;&#32;&#52;&#51;&#56;&#44;&#50;&#56;&#32;&#92;&#92;&#32;&#92;&#104;&#108;&#105;&#110;&#101;&#92;&#114;&#109;&#123;&#85;&#110;&#105;&#111;&#110;&#92;&#32;&#69;&#117;&#114;&#111;&#112;&eacute;&#101;&#110;&#110;&#101;&#125;&#32;&#38;&#32;&#57;&#51;&#49;&#92;&#32;&#50;&#48;&#53;&#32;&#38;&#32;&#52;&#52;&#55;&#92;&#32;&#49;&#56;&#57;&#92;&#32;&#57;&#49;&#53;&#32;&#38;&#32;&#48;&#44;&#50;&#48;&#56;&#32;&#38;&#32;&#50;&#48;&#56;&#44;&#50;&#51;&#53;&#32;&#38;&#32;&#50;&#92;&#32;&#48;&#56;&#50;&#44;&#51;&#53;&#32;&#92;&#92;&#32;&#92;&#104;&#108;&#105;&#110;&#101;&#92;&#114;&#109;&#123;&#80;&eacute;&#114;&#111;&#117;&#125;&#32;&#38;&#32;&#50;&#48;&#51;&#92;&#32;&#52;&#54;&#52;&#32;&#38;&#32;&#51;&#51;&#92;&#32;&#51;&#53;&#57;&#92;&#32;&#52;&#49;&#53;&#32;&#38;&#32;&#48;&#44;&#54;&#49;&#48;&#32;&#38;&#32;&#54;&#48;&#57;&#44;&#57;&#49;&#53;&#32;&#38;&#32;&#54;&#92;&#32;&#48;&#57;&#57;&#44;&#49;&#53;&#32;&#92;&#92;&#32;&#92;&#104;&#108;&#105;&#110;&#101;&#92;&#114;&#109;&#123;&#67;&#111;&#114;&eacute;&#101;&#92;&#32;&#100;&#117;&#92;&#32;&#83;&#117;&#100;&#125;&#32;&#38;&#32;&#54;&#92;&#32;&#51;&#55;&#56;&#32;&#38;&#32;&#53;&#49;&#92;&#32;&#51;&#48;&#53;&#92;&#32;&#49;&#56;&#52;&#32;&#38;&#32;&#48;&#44;&#48;&#49;&#50;&#32;&#38;&#32;&#49;&#50;&#44;&#52;&#51;&#49;&#32;&#38;&#32;&#49;&#50;&#52;&#44;&#51;&#49;&#32;&#92;&#92;&#32;&#92;&#104;&#108;&#105;&#110;&#101;&#92;&#114;&#109;&#123;&#67;&#104;&#105;&#110;&#101;&#125;&#32;&#38;&#32;&#52;&#92;&#32;&#54;&#51;&#54;&#32;&#38;&#32;&#49;&#92;&#32;&#52;&#52;&#52;&#92;&#32;&#50;&#49;&#54;&#92;&#32;&#49;&#48;&#50;&#32;&#38;&#32;&#48;&#44;&#48;&#48;&#51;&#32;&#38;&#32;&#48;&#44;&#51;&#50;&#49;&#32;&#38;&#32;&#51;&#44;&#50;&#49;&#32;&#92;&#92;&#32;&#92;&#104;&#108;&#105;&#110;&#101;&#92;&#114;&#109;&#123;&#77;&#79;&#78;&#68;&#69;&#125;&#32;&#38;&#32;&#53;&#92;&#32;&#53;&#52;&#53;&#92;&#32;&#53;&#55;&#54;&#32;&#38;&#32;&#55;&#92;&#32;&#56;&#55;&#52;&#92;&#32;&#57;&#54;&#53;&#92;&#32;&#55;&#51;&#48;&#32;&#38;&#32;&#48;&#44;&#55;&#48;&#52;&#32;&#38;&#32;&#55;&#48;&#52;&#44;&#50;&#48;&#51;&#32;&#38;&#32;&#55;&#48;&#52;&#44;&#50;&#48;&#32;&#92;&#92;&#32;&#92;&#104;&#108;&#105;&#110;&#101;&#92;&#101;&#110;&#100;&#123;&#97;&#114;&#114;&#97;&#121;&#125;\" title=\"Rendered by QuickLaTeX.com\" height=\"339\" width=\"616\" style=\"vertical-align: -165px;\"\/><br>Nombre de d\u00e9c\u00e8s cumul\u00e9s  &#8211; Source : Wikipedia &#8211; 18 janvier 2022 <span class=\"footnote_referrer\"><a role=\"button\" tabindex=\"0\" onclick=\"footnote_moveToReference_1524_1('footnote_plugin_reference_1524_1_8');\" onkeypress=\"footnote_moveToReference_1524_1('footnote_plugin_reference_1524_1_8');\" ><sup id=\"footnote_plugin_tooltip_1524_1_8\" class=\"footnote_plugin_tooltip_text\">[8]<\/sup><\/a><span id=\"footnote_plugin_tooltip_text_1524_1_8\" class=\"footnote_tooltip\">A l&rsquo;adresse : https:\/\/fr.wikipedia.org\/wiki\/Pand%C3%A9mie_de_Covid-19_par_pays_et_territoire consult\u00e9 le 18 janvier 2022, attention, le site pr\u00e9vient :&nbsp;Le tableau du d\u00e9tail des cas par&nbsp;&#x2026; <span class=\"footnote_tooltip_continue\"  onclick=\"footnote_moveToReference_1524_1('footnote_plugin_reference_1524_1_8');\">Continue reading<\/span><\/span><\/span><script type=\"text\/javascript\"> jQuery('#footnote_plugin_tooltip_1524_1_8').tooltip({ tip: '#footnote_plugin_tooltip_text_1524_1_8', tipClass: 'footnote_tooltip', effect: 'fade', predelay: 0, fadeInSpeed: 200, delay: 400, fadeOutSpeed: 200, position: 'top center', relative: true, offset: [-7, 0], });<\/script><\/p>\n\n\n\n<p>Cela prend plus de sens, par exemple, si on peut dire : en Tch\u00e9quie, c&rsquo;est comme si dans la ville de Namur, il y avait eu 7 d\u00e9c\u00e8s par semaine pendant un an ou en Cor\u00e9e du Sud, 1 d\u00e9c\u00e8s par mois pendant un an dans Mons.<\/p>\n\n\n\n<p>Cela sugg\u00e8re aussi un vaste ensemble de questions, puisque certains pays s&rsquo;en sortent nettement moins bien que d&rsquo;autres : quel est l&rsquo;\u00e9tat de leur syst\u00e8me sanitaire ? leur population est-elle majoritairement jeune ou \u00e2g\u00e9e ? quelles politiques habituelles de pr\u00e9vention sont pratiqu\u00e9es dans les \u00e9pid\u00e9mies ? comment d\u00e9clarent-ils les d\u00e9c\u00e8s ? &#8230;<\/p>\n\n\n\n<h3 class=\"wp-block-heading\" id=\"comparer-des-mortalit\u00e9s-\">Comparer des mortalit\u00e9s ?<\/h3>\n\n\n\n<p>Maintenant, comparons la mortalit\u00e9 due \u00e0 la Covid-19 \u00e0 d&rsquo;autres grandeurs plus comparable, \u00e0 d&rsquo;autres mortalit\u00e9s. Voici un tableau pr\u00e9sentant les trois causes de d\u00e9c\u00e8s les plus importantes par ann\u00e9e. Sur le site de Statbel, il manque encore quelques statistiques pour les derni\u00e8res ann\u00e9es.<\/p>\n\n\n\n<p><img decoding=\"async\" loading=\"lazy\" src=\"https:\/\/www.andremalo.be\/blog\/wp-content\/ql-cache\/quicklatex.com-7d5b0238dffdd049fdffb9434a87dea2_l3.png\" class=\"ql-img-inline-formula quicklatex-auto-format\" alt=\"&#92;&#98;&#101;&#103;&#105;&#110;&#123;&#97;&#114;&#114;&#97;&#121;&#125;&#123;&#124;&#32;&#108;&#32;&#124;&#32;&#114;&#32;&#124;&#32;&#114;&#32;&#124;&#32;&#114;&#32;&#124;&#32;&#114;&#32;&#124;&#32;&#114;&#32;&#124;&#125;&#32;&#92;&#104;&#108;&#105;&#110;&#101;&#92;&#114;&#109;&#123;&#65;&#110;&#110;&eacute;&#101;&#125;&#32;&#38;&#32;&#92;&#114;&#109;&#123;&#50;&#48;&#49;&#55;&#125;&#32;&#38;&#32;&#92;&#114;&#109;&#123;&#50;&#48;&#49;&#56;&#125;&#32;&#38;&#32;&#92;&#114;&#109;&#123;&#50;&#48;&#49;&#57;&#125;&#32;&#38;&#32;&#92;&#114;&#109;&#123;&#50;&#48;&#50;&#48;&#125;&#32;&#38;&#32;&#92;&#114;&#109;&#123;&#50;&#48;&#50;&#49;&#125;&#32;&#92;&#92;&#32;&#92;&#104;&#108;&#105;&#110;&#101;&#92;&#114;&#109;&#123;&#68;&eacute;&#99;&egrave;&#115;&#125;&#32;&#38;&#32;&#49;&#48;&#57;&#92;&#32;&#54;&#50;&#57;&#32;&#38;&#32;&#49;&#49;&#48;&#92;&#32;&#54;&#52;&#53;&#32;&#38;&#32;&#49;&#48;&#56;&#92;&#32;&#55;&#52;&#53;&#32;&#38;&#32;&#49;&#50;&#54;&#92;&#32;&#56;&#53;&#48;&#32;&#38;&#32;&#32;&#49;&#49;&#48;&#92;&#32;&#50;&#51;&#55;&#92;&#92;&#32;&#92;&#104;&#108;&#105;&#110;&#101;&#92;&#114;&#109;&#123;&#68;&eacute;&#99;&egrave;&#115;&#92;&#32;&#67;&#49;&#57;&#125;&#32;&#38;&#32;&#45;&#32;&#38;&#32;&#45;&#32;&#38;&#32;&#45;&#32;&#38;&#32;&#49;&#57;&#92;&#32;&#55;&#51;&#50;&#32;&#38;&#32;&#56;&#92;&#32;&#54;&#48;&#50;&#32;&#32;&#92;&#92;&#32;&#92;&#104;&#108;&#105;&#110;&#101;&#92;&#114;&#109;&#123;&#68;&eacute;&#99;&egrave;&#115;&#92;&#32;&#77;&#65;&#67;&#125;&#32;&#38;&#32;&#50;&#57;&#92;&#32;&#54;&#57;&#54;&#32;&#38;&#32;&#50;&#56;&#92;&#32;&#54;&#52;&#52;&#32;&#38;&#32;&#45;&#32;&#38;&#32;&#45;&#32;&#38;&#32;&#45;&#32;&#92;&#92;&#32;&#92;&#104;&#108;&#105;&#110;&#101;&#92;&#114;&#109;&#123;&#68;&eacute;&#99;&egrave;&#115;&#92;&#32;&#84;&#125;&#32;&#38;&#32;&#50;&#56;&#92;&#32;&#50;&#55;&#53;&#32;&#38;&#32;&#50;&#55;&#92;&#32;&#54;&#48;&#57;&#32;&#38;&#32;&#45;&#32;&#38;&#32;&#45;&#32;&#38;&#32;&#45;&#32;&#32;&#92;&#92;&#32;&#92;&#104;&#108;&#105;&#110;&#101;&#92;&#114;&#109;&#123;&#68;&eacute;&#99;&egrave;&#115;&#92;&#32;&#77;&#65;&#82;&#125;&#32;&#38;&#32;&#49;&#50;&#92;&#32;&#50;&#52;&#50;&#32;&#38;&#32;&#49;&#50;&#92;&#32;&#57;&#49;&#56;&#32;&#38;&#32;&#45;&#32;&#38;&#32;&#45;&#32;&#38;&#32;&#45;&#32;&#92;&#92;&#32;&#92;&#104;&#108;&#105;&#110;&#101;&#92;&#114;&#109;&#123;&#80;&#111;&#112;&#117;&#108;&#97;&#116;&#105;&#111;&#110;&#125;&#32;&#38;&#32;&#49;&#49;&#92;&#32;&#51;&#50;&#50;&#92;&#32;&#48;&#56;&#56;&#32;&#38;&#32;&#49;&#49;&#92;&#32;&#51;&#55;&#54;&#92;&#32;&#48;&#55;&#48;&#32;&#38;&#32;&#49;&#49;&#92;&#32;&#52;&#51;&#49;&#92;&#32;&#52;&#48;&#54;&#32;&#38;&#32;&#49;&#49;&#92;&#32;&#52;&#57;&#50;&#92;&#32;&#54;&#52;&#49;&#32;&#38;&#32;&#49;&#49;&#92;&#32;&#53;&#50;&#49;&#92;&#32;&#50;&#51;&#56;&#32;&#92;&#92;&#32;&#92;&#104;&#108;&#105;&#110;&#101;&#92;&#101;&#110;&#100;&#123;&#97;&#114;&#114;&#97;&#121;&#125;\" title=\"Rendered by QuickLaTeX.com\" height=\"159\" width=\"608\" style=\"vertical-align: -75px;\"\/><br>C19 = Covid-19<br>MAC = Maladies de l&rsquo;appareil circulatoire<br>T = Tumeurs<br>MAR = Maladies de l&rsquo;appareil respiratoire<br>Mortalit\u00e9 en Belgique &#8211; Sources : Statbel et OMS &#8211; 18 janvier 2022<br><br>En calculant les pourcentages correspondants par rapport au nombre de d\u00e9c\u00e8s :<br><img decoding=\"async\" loading=\"lazy\" src=\"https:\/\/www.andremalo.be\/blog\/wp-content\/ql-cache\/quicklatex.com-937ac69832b29ab7ffb3ca01e8607757_l3.png\" class=\"ql-img-inline-formula quicklatex-auto-format\" alt=\"&#92;&#98;&#101;&#103;&#105;&#110;&#123;&#97;&#114;&#114;&#97;&#121;&#125;&#123;&#124;&#32;&#108;&#32;&#124;&#32;&#114;&#32;&#124;&#32;&#114;&#32;&#124;&#32;&#114;&#32;&#124;&#32;&#114;&#32;&#124;&#32;&#114;&#32;&#124;&#125;&#32;&#92;&#104;&#108;&#105;&#110;&#101;&#92;&#114;&#109;&#123;&#65;&#110;&#110;&eacute;&#101;&#125;&#32;&#38;&#32;&#92;&#114;&#109;&#123;&#50;&#48;&#49;&#55;&#125;&#32;&#38;&#32;&#92;&#114;&#109;&#123;&#50;&#48;&#49;&#56;&#125;&#32;&#38;&#32;&#92;&#114;&#109;&#123;&#50;&#48;&#49;&#57;&#125;&#32;&#38;&#32;&#92;&#114;&#109;&#123;&#50;&#48;&#50;&#48;&#125;&#32;&#38;&#32;&#92;&#114;&#109;&#123;&#50;&#48;&#50;&#49;&#125;&#32;&#92;&#92;&#32;&#92;&#104;&#108;&#105;&#110;&#101;&#92;&#114;&#109;&#123;&#68;&eacute;&#99;&egrave;&#115;&#125;&#32;&#38;&#32;&#49;&#48;&#48;&#44;&#48;&#48;&#92;&#32;&#92;&#37;&#32;&#38;&#32;&#49;&#48;&#48;&#44;&#48;&#48;&#92;&#32;&#92;&#37;&#32;&#38;&#32;&#49;&#48;&#48;&#44;&#48;&#48;&#92;&#32;&#92;&#37;&#32;&#38;&#32;&#49;&#48;&#48;&#44;&#48;&#48;&#92;&#32;&#92;&#37;&#32;&#38;&#32;&#32;&#49;&#48;&#48;&#44;&#48;&#48;&#92;&#32;&#92;&#37;&#32;&#92;&#92;&#32;&#92;&#104;&#108;&#105;&#110;&#101;&#92;&#114;&#109;&#123;&#68;&eacute;&#99;&egrave;&#115;&#92;&#32;&#67;&#49;&#57;&#125;&#32;&#38;&#32;&#45;&#32;&#38;&#32;&#45;&#32;&#38;&#32;&#45;&#32;&#38;&#32;&#49;&#53;&#44;&#53;&#54;&#92;&#32;&#92;&#37;&#32;&#38;&#32;&#55;&#44;&#56;&#48;&#92;&#32;&#92;&#37;&#32;&#32;&#92;&#92;&#32;&#92;&#104;&#108;&#105;&#110;&#101;&#92;&#114;&#109;&#123;&#68;&eacute;&#99;&egrave;&#115;&#92;&#32;&#77;&#65;&#67;&#125;&#32;&#38;&#32;&#50;&#55;&#44;&#48;&#57;&#92;&#32;&#92;&#37;&#32;&#38;&#32;&#50;&#53;&#44;&#56;&#57;&#92;&#32;&#92;&#37;&#32;&#38;&#32;&#45;&#32;&#38;&#32;&#45;&#32;&#38;&#32;&#45;&#32;&#92;&#92;&#32;&#92;&#104;&#108;&#105;&#110;&#101;&#92;&#114;&#109;&#123;&#68;&eacute;&#99;&egrave;&#115;&#92;&#32;&#84;&#125;&#32;&#38;&#32;&#50;&#53;&#44;&#55;&#57;&#92;&#32;&#92;&#37;&#32;&#38;&#32;&#50;&#52;&#44;&#57;&#53;&#92;&#32;&#92;&#37;&#32;&#38;&#32;&#45;&#32;&#38;&#32;&#45;&#32;&#38;&#32;&#45;&#32;&#32;&#92;&#92;&#32;&#92;&#104;&#108;&#105;&#110;&#101;&#92;&#114;&#109;&#123;&#68;&eacute;&#99;&egrave;&#115;&#92;&#32;&#77;&#65;&#82;&#125;&#32;&#38;&#32;&#49;&#49;&#44;&#49;&#55;&#92;&#32;&#92;&#37;&#32;&#38;&#32;&#49;&#49;&#44;&#54;&#56;&#92;&#32;&#92;&#37;&#32;&#38;&#32;&#45;&#32;&#38;&#32;&#45;&#32;&#38;&#32;&#45;&#32;&#92;&#92;&#32;&#92;&#104;&#108;&#105;&#110;&#101;&#92;&#101;&#110;&#100;&#123;&#97;&#114;&#114;&#97;&#121;&#125;\" title=\"Rendered by QuickLaTeX.com\" height=\"137\" width=\"559\" style=\"vertical-align: -64px;\"\/><\/p>\n\n\n\n<p>Une premi\u00e8re constatation : alors que la mortalit\u00e9 \u00abhabituelle\u00bb tourne autour de 108 000 \/ 110 000 d\u00e9c\u00e8s par an, il y a eu environ 17 000 d\u00e9c\u00e8s de plus en 2020, ce qui est coh\u00e9rent avec les 19 000 d\u00e9c\u00e8s dus au Covid-19, car parmi ceux-ci, on peut comprendre qu&rsquo;il y a des personnes qui seraient d\u00e9c\u00e9d\u00e9es d&rsquo;autres maladies en 2020 s&rsquo;il n&rsquo;y avait pas eu l&rsquo;\u00e9pid\u00e9mie.<\/p>\n\n\n\n<p>Une deuxi\u00e8me constatation : pour l&rsquo;ann\u00e9e 2020, la maladie Covid-19 \u00e0 elle seule prendrait la troisi\u00e8me place derri\u00e8re le groupe de toutes les maladies de l&rsquo;appareil circulatoire  et le groupe de toutes les tumeurs et cancers. Ou bien si l&rsquo;on inclut la Covid-19 dans le groupe des maladies de l&rsquo;appareil respiratoire, celui-ci prendrait la premi\u00e8re place !<\/p>\n\n\n\n<p>Une troisi\u00e8me constatation : nous avons besoin de statistiques plus pr\u00e9cises par maladies plut\u00f4t que par groupes de maladies. Le site es statistiques officielles sont parfois en retard mais <\/p>\n\n\n\n<p> sachant que<\/p>\n\n\n\n<p>Une \u00e9tude statistique s\u00e9rieuse ne peut se contenter d&rsquo;un pourcentage, comparant deux variables. Au mieux, c&rsquo;est une corr\u00e9lation \u00e0 \u00e9tudier. Le travail commence avec trois, quatre variables et plus.<br>Dans notre cas, il y a d&rsquo;autres indicateurs \u00e0 utiliser afin de pouvoir dire si une situation est grave ou pas.<br>A c\u00f4t\u00e9 de la mortalit\u00e9, un autre indicateurCherchons \u00e0 r\u00e9mon l&rsquo;int\u00e9r\u00eat augmente lorsque l&rsquo;on ne compare plus deux variables, ce qui fournit qu&rsquo;une corr\u00e9lation, mais bien trois, quatre variables ou plus. Cherchons une r\u00e9ponse \u00e0 la question : 0,17% de d\u00e9c\u00e8s, est-ce grave ?<\/p>\n\n\n\n<p>Comparons avec une autre statistique, la \u00abmortalit\u00e9 g\u00e9n\u00e9rale\u00bb : combien de personnes meurent chaque ann\u00e9e ?<\/p>\n\n\n\n<p><img decoding=\"async\" loading=\"lazy\" src=\"https:\/\/www.andremalo.be\/blog\/wp-content\/ql-cache\/quicklatex.com-7d5b0238dffdd049fdffb9434a87dea2_l3.png\" class=\"ql-img-inline-formula quicklatex-auto-format\" alt=\"&#92;&#98;&#101;&#103;&#105;&#110;&#123;&#97;&#114;&#114;&#97;&#121;&#125;&#123;&#124;&#32;&#108;&#32;&#124;&#32;&#114;&#32;&#124;&#32;&#114;&#32;&#124;&#32;&#114;&#32;&#124;&#32;&#114;&#32;&#124;&#32;&#114;&#32;&#124;&#125;&#32;&#92;&#104;&#108;&#105;&#110;&#101;&#92;&#114;&#109;&#123;&#65;&#110;&#110;&eacute;&#101;&#125;&#32;&#38;&#32;&#92;&#114;&#109;&#123;&#50;&#48;&#49;&#55;&#125;&#32;&#38;&#32;&#92;&#114;&#109;&#123;&#50;&#48;&#49;&#56;&#125;&#32;&#38;&#32;&#92;&#114;&#109;&#123;&#50;&#48;&#49;&#57;&#125;&#32;&#38;&#32;&#92;&#114;&#109;&#123;&#50;&#48;&#50;&#48;&#125;&#32;&#38;&#32;&#92;&#114;&#109;&#123;&#50;&#48;&#50;&#49;&#125;&#32;&#92;&#92;&#32;&#92;&#104;&#108;&#105;&#110;&#101;&#92;&#114;&#109;&#123;&#68;&eacute;&#99;&egrave;&#115;&#125;&#32;&#38;&#32;&#49;&#48;&#57;&#92;&#32;&#54;&#50;&#57;&#32;&#38;&#32;&#49;&#49;&#48;&#92;&#32;&#54;&#52;&#53;&#32;&#38;&#32;&#49;&#48;&#56;&#92;&#32;&#55;&#52;&#53;&#32;&#38;&#32;&#49;&#50;&#54;&#92;&#32;&#56;&#53;&#48;&#32;&#38;&#32;&#32;&#49;&#49;&#48;&#92;&#32;&#50;&#51;&#55;&#92;&#92;&#32;&#92;&#104;&#108;&#105;&#110;&#101;&#92;&#114;&#109;&#123;&#68;&eacute;&#99;&egrave;&#115;&#92;&#32;&#67;&#49;&#57;&#125;&#32;&#38;&#32;&#45;&#32;&#38;&#32;&#45;&#32;&#38;&#32;&#45;&#32;&#38;&#32;&#49;&#57;&#92;&#32;&#55;&#51;&#50;&#32;&#38;&#32;&#56;&#92;&#32;&#54;&#48;&#50;&#32;&#32;&#92;&#92;&#32;&#92;&#104;&#108;&#105;&#110;&#101;&#92;&#114;&#109;&#123;&#68;&eacute;&#99;&egrave;&#115;&#92;&#32;&#77;&#65;&#67;&#125;&#32;&#38;&#32;&#50;&#57;&#92;&#32;&#54;&#57;&#54;&#32;&#38;&#32;&#50;&#56;&#92;&#32;&#54;&#52;&#52;&#32;&#38;&#32;&#45;&#32;&#38;&#32;&#45;&#32;&#38;&#32;&#45;&#32;&#92;&#92;&#32;&#92;&#104;&#108;&#105;&#110;&#101;&#92;&#114;&#109;&#123;&#68;&eacute;&#99;&egrave;&#115;&#92;&#32;&#84;&#125;&#32;&#38;&#32;&#50;&#56;&#92;&#32;&#50;&#55;&#53;&#32;&#38;&#32;&#50;&#55;&#92;&#32;&#54;&#48;&#57;&#32;&#38;&#32;&#45;&#32;&#38;&#32;&#45;&#32;&#38;&#32;&#45;&#32;&#32;&#92;&#92;&#32;&#92;&#104;&#108;&#105;&#110;&#101;&#92;&#114;&#109;&#123;&#68;&eacute;&#99;&egrave;&#115;&#92;&#32;&#77;&#65;&#82;&#125;&#32;&#38;&#32;&#49;&#50;&#92;&#32;&#50;&#52;&#50;&#32;&#38;&#32;&#49;&#50;&#92;&#32;&#57;&#49;&#56;&#32;&#38;&#32;&#45;&#32;&#38;&#32;&#45;&#32;&#38;&#32;&#45;&#32;&#92;&#92;&#32;&#92;&#104;&#108;&#105;&#110;&#101;&#92;&#114;&#109;&#123;&#80;&#111;&#112;&#117;&#108;&#97;&#116;&#105;&#111;&#110;&#125;&#32;&#38;&#32;&#49;&#49;&#92;&#32;&#51;&#50;&#50;&#92;&#32;&#48;&#56;&#56;&#32;&#38;&#32;&#49;&#49;&#92;&#32;&#51;&#55;&#54;&#92;&#32;&#48;&#55;&#48;&#32;&#38;&#32;&#49;&#49;&#92;&#32;&#52;&#51;&#49;&#92;&#32;&#52;&#48;&#54;&#32;&#38;&#32;&#49;&#49;&#92;&#32;&#52;&#57;&#50;&#92;&#32;&#54;&#52;&#49;&#32;&#38;&#32;&#49;&#49;&#92;&#32;&#53;&#50;&#49;&#92;&#32;&#50;&#51;&#56;&#32;&#92;&#92;&#32;&#92;&#104;&#108;&#105;&#110;&#101;&#92;&#101;&#110;&#100;&#123;&#97;&#114;&#114;&#97;&#121;&#125;\" title=\"Rendered by QuickLaTeX.com\" height=\"159\" width=\"608\" style=\"vertical-align: -75px;\"\/><br>Mortalit\u00e9 en Belgique &#8211; Sources : Statbel et OMS &#8211; 18 janvier 2022 <\/p>\n\n\n\n<p> <br>Donc la Covid19 aura sans doute caus\u00e9 <img decoding=\"async\" loading=\"lazy\" src=\"https:\/\/www.andremalo.be\/blog\/wp-content\/ql-cache\/quicklatex.com-236a4b8769813ad4b1865e8eaf4c398b_l3.png\" class=\"ql-img-inline-formula quicklatex-auto-format\" alt=\"&#92;&#102;&#114;&#97;&#99;&#123;&#49;&#125;&#123;&#54;&#125;\" title=\"Rendered by QuickLaTeX.com\" height=\"22\" width=\"7\" style=\"vertical-align: -6px;\"\/> des d\u00e9c\u00e8s de l&rsquo;ann\u00e9e.<\/p>\n\n\n\n<p>Nous pouvons \u00eatre plus pr\u00e9cis :<br>En Belgique, nous comptabilisons pour l&rsquo;ann\u00e9e 2020, 127 134 d\u00e9c\u00e8s. <span class=\"footnote_referrer\"><a role=\"button\" tabindex=\"0\" onclick=\"footnote_moveToReference_1524_1('footnote_plugin_reference_1524_1_9');\" onkeypress=\"footnote_moveToReference_1524_1('footnote_plugin_reference_1524_1_9');\" ><sup id=\"footnote_plugin_tooltip_1524_1_9\" class=\"footnote_plugin_tooltip_text\">[9]<\/sup><\/a><span id=\"footnote_plugin_tooltip_text_1524_1_9\" class=\"footnote_tooltip\">Sur le site de Statbel : <a href=\"https:\/\/statbel.fgov.be\/fr\/themes\/population\/mortalite-et-esperance-de-vie\/mortalite-generale}\"><span class=\"footnote_url_wrap\">https:\/\/statbel.fgov.be\/fr\/themes\/population\/mortalite-et-esperance-de-vie\/mortalite-generale<\/span><\/a><\/span><\/span><script type=\"text\/javascript\"> jQuery('#footnote_plugin_tooltip_1524_1_9').tooltip({ tip: '#footnote_plugin_tooltip_text_1524_1_9', tipClass: 'footnote_tooltip', effect: 'fade', predelay: 0, fadeInSpeed: 200, delay: 400, fadeOutSpeed: 200, position: 'top center', relative: true, offset: [-7, 0], });<\/script><br>Et le site de l&rsquo;OMS affiche <img decoding=\"async\" loading=\"lazy\" src=\"https:\/\/www.andremalo.be\/blog\/wp-content\/ql-cache\/quicklatex.com-2a9a28729bdb3da302ed6b8f4a0912d0_l3.png\" class=\"ql-img-inline-formula quicklatex-auto-format\" alt=\"&#49;&#57;&#92;&#32;&#54;&#50;&#48;\" title=\"Rendered by QuickLaTeX.com\" height=\"12\" width=\"50\" style=\"vertical-align: 0px;\"\/> d\u00e9c\u00e8s d\u00fbs \u00e0 la Covid. La surmortalit\u00e9 de 16\\ 500 d\u00e9c\u00e8s est compatible avec les <img decoding=\"async\" loading=\"lazy\" src=\"https:\/\/www.andremalo.be\/blog\/wp-content\/ql-cache\/quicklatex.com-2a9a28729bdb3da302ed6b8f4a0912d0_l3.png\" class=\"ql-img-inline-formula quicklatex-auto-format\" alt=\"&#49;&#57;&#92;&#32;&#54;&#50;&#48;\" title=\"Rendered by QuickLaTeX.com\" height=\"12\" width=\"50\" style=\"vertical-align: 0px;\"\/> d\u00e9c\u00e8s d\u00fbs \u00e0 la Covid-19.<br>Donc nous pouvons \u00e9crire : <p class=\"ql-center-displayed-equation\" style=\"line-height: 36px;\"><span class=\"ql-right-eqno\"> &nbsp; <\/span><span class=\"ql-left-eqno\"> &nbsp; <\/span><img decoding=\"async\" loading=\"lazy\" src=\"https:\/\/www.andremalo.be\/blog\/wp-content\/ql-cache\/quicklatex.com-7172709ef14a5f8a431ddbe027e04094_l3.png\" height=\"36\" width=\"283\" class=\"ql-img-displayed-equation quicklatex-auto-format\" alt=\"&#92;&#91;&#92;&#102;&#114;&#97;&#99;&#123;&#78;&#111;&#109;&#98;&#114;&#101;&#92;&#32;&#100;&#101;&#92;&#32;&#100;&eacute;&#99;&egrave;&#115;&#92;&#32;&#100;&ucirc;&#115;&#92;&#32;&agrave;&#92;&#32;&#108;&#97;&#92;&#32;&#67;&#111;&#118;&#105;&#100;&#92;&#116;&#101;&#120;&#116;&#123;&#45;&#125;&#49;&#57;&#125;&#123;&#78;&#111;&#109;&#98;&#114;&#101;&#92;&#32;&#100;&#101;&#92;&#32;&#100;&eacute;&#99;&egrave;&#115;&#92;&#32;&#101;&#110;&#92;&#32;&#50;&#48;&#50;&#48;&#125;&#92;&#93;\" title=\"Rendered by QuickLaTeX.com\"\/><\/p><br>soit :<br><p class=\"ql-center-displayed-equation\" style=\"line-height: 36px;\"><span class=\"ql-right-eqno\"> &nbsp; <\/span><span class=\"ql-left-eqno\"> &nbsp; <\/span><img decoding=\"async\" loading=\"lazy\" src=\"https:\/\/www.andremalo.be\/blog\/wp-content\/ql-cache\/quicklatex.com-895a4944676f673c3527b7174fbbbf36_l3.png\" height=\"36\" width=\"205\" class=\"ql-img-displayed-equation quicklatex-auto-format\" alt=\"&#92;&#91;&#92;&#102;&#114;&#97;&#99;&#123;&#49;&#57;&#92;&#32;&#54;&#50;&#48;&#125;&#123;&#49;&#50;&#55;&#92;&#32;&#49;&#51;&#52;&#125;&#61;&#49;&#53;&#44;&#52;&#92;&#37;&#92;&#32;&#100;&#101;&#92;&#32;&#100;&eacute;&#99;&egrave;&#115;&#92;&#93;\" title=\"Rendered by QuickLaTeX.com\"\/><\/p><\/p>\n<div class=\"speaker-mute footnotes_reference_container\"> <div class=\"footnote_container_prepare\"><p><span role=\"button\" tabindex=\"0\" class=\"footnote_reference_container_label pointer\" onclick=\"footnote_expand_collapse_reference_container_1524_1();\">Notes<\/span><span role=\"button\" tabindex=\"0\" class=\"footnote_reference_container_collapse_button\" style=\"display: none;\" onclick=\"footnote_expand_collapse_reference_container_1524_1();\">[<a id=\"footnote_reference_container_collapse_button_1524_1\">+<\/a>]<\/span><\/p><\/div> <div id=\"footnote_references_container_1524_1\" style=\"\"><table class=\"footnotes_table footnote-reference-container\"><caption class=\"accessibility\">Notes<\/caption> <tbody> \r\n\r\n<tr class=\"footnotes_plugin_reference_row\"> <th scope=\"row\" class=\"footnote_plugin_index_combi pointer\"  onclick=\"footnote_moveToAnchor_1524_1('footnote_plugin_tooltip_1524_1_1');\"><a id=\"footnote_plugin_reference_1524_1_1\" class=\"footnote_backlink\"><span class=\"footnote_index_arrow\">&#8593;<\/span>1<\/a><\/th> <td class=\"footnote_plugin_text\">Voir l&rsquo;article : <a href=\"https:\/\/www.rtbf.be\/info\/societe\/detail_coronavirus-les-cartes-de-surmortalite-montrent-l-effet-tache-d-huile-venu-du-sud-de-l-europe?id=10502685\"><span class=\"footnote_url_wrap\">https:\/\/www.rtbf.be\/info\/societe\/detail_coronavirus-les-cartes-de-surmortalite-montrent-l-effet-tache-d-huile-venu-du-sud-de-l-europe?id=10502685<\/span><\/a><\/td><\/tr>\r\n\r\n<tr class=\"footnotes_plugin_reference_row\"> <th scope=\"row\" class=\"footnote_plugin_index_combi pointer\"  onclick=\"footnote_moveToAnchor_1524_1('footnote_plugin_tooltip_1524_1_2');\"><a id=\"footnote_plugin_reference_1524_1_2\" class=\"footnote_backlink\"><span class=\"footnote_index_arrow\">&#8593;<\/span>2<\/a><\/th> <td class=\"footnote_plugin_text\">Site de Statbel : <a href=\"http:\/\/https%20\/\/statbel.fgov.be\/fr\/themes\/population\/structure-de-la-population\">https :\/\/statbel.fgov.be\/fr\/themes\/population\/structure-de-la-population<\/a><\/td><\/tr>\r\n\r\n<tr class=\"footnotes_plugin_reference_row\"> <th scope=\"row\" class=\"footnote_plugin_index_combi pointer\"  onclick=\"footnote_moveToAnchor_1524_1('footnote_plugin_tooltip_1524_1_3');\"><a id=\"footnote_plugin_reference_1524_1_3\" class=\"footnote_backlink\"><span class=\"footnote_index_arrow\">&#8593;<\/span>3<\/a><\/th> <td class=\"footnote_plugin_text\">Site de l&rsquo;Insee : <a href=\"https:\/\/www.insee.fr\/fr\/statistiques\/5225246\"><span class=\"footnote_url_wrap\">https:\/\/www.insee.fr\/fr\/statistiques\/5225246<\/span><\/a><\/td><\/tr>\r\n\r\n<tr class=\"footnotes_plugin_reference_row\"> <th scope=\"row\" class=\"footnote_plugin_index_combi pointer\"  onclick=\"footnote_moveToAnchor_1524_1('footnote_plugin_tooltip_1524_1_4');\"><a id=\"footnote_plugin_reference_1524_1_4\" class=\"footnote_backlink\"><span class=\"footnote_index_arrow\">&#8593;<\/span>4<\/a><\/th> <td class=\"footnote_plugin_text\">Selon les statistiques du site de l&rsquo;OMS : <a href=\"https:\/\/covid19.who.int\"><span class=\"footnote_url_wrap\">https:\/\/covid19.who.int<\/span><\/a> <\/td><\/tr>\r\n\r\n<tr class=\"footnotes_plugin_reference_row\"> <th scope=\"row\" class=\"footnote_plugin_index_combi pointer\"  onclick=\"footnote_moveToAnchor_1524_1('footnote_plugin_tooltip_1524_1_5');\"><a id=\"footnote_plugin_reference_1524_1_5\" class=\"footnote_backlink\"><span class=\"footnote_index_arrow\">&#8593;<\/span>5<\/a><\/th> <td class=\"footnote_plugin_text\"> <a href=\"https:\/\/fr.wikipedia.org\/wiki\/Liste_des_pays_par_IDH#IDH_2015_(publi%C3%A9_en_2016)[6]\"><span class=\"footnote_url_wrap\">https:\/\/fr.wikipedia.org\/wiki\/Liste_des_pays_par_IDH#IDH_2015_(publi\u00e9_en_2016)[6]<\/span><\/a> <\/td><\/tr>\r\n\r\n<tr class=\"footnotes_plugin_reference_row\"> <th scope=\"row\" class=\"footnote_plugin_index_combi pointer\"  onclick=\"footnote_moveToAnchor_1524_1('footnote_plugin_tooltip_1524_1_6');\"><a id=\"footnote_plugin_reference_1524_1_6\" class=\"footnote_backlink\"><span class=\"footnote_index_arrow\">&#8593;<\/span>6<\/a><\/th> <td class=\"footnote_plugin_text\">Voir le site de l&rsquo;OMS : <a href=\"https:\/\/covid19.who.int\"><span class=\"footnote_url_wrap\">https:\/\/covid19.who.int<\/span><\/a><\/td><\/tr>\r\n\r\n<tr class=\"footnotes_plugin_reference_row\"> <th scope=\"row\" class=\"footnote_plugin_index_combi pointer\"  onclick=\"footnote_moveToAnchor_1524_1('footnote_plugin_tooltip_1524_1_7');\"><a id=\"footnote_plugin_reference_1524_1_7\" class=\"footnote_backlink\"><span class=\"footnote_index_arrow\">&#8593;<\/span>7<\/a><\/th> <td class=\"footnote_plugin_text\">Sources : Les articles <a href=\"https:\/\/fr.wikipedia.org\/wiki\/Liste_des_communes_de_Belgique_par_population\"><span class=\"footnote_url_wrap\">https:\/\/fr.wikipedia.org\/wiki\/Liste_des_communes_de_Belgique_par_population<\/span><\/a> et <a href=\"https:\/\/fr.wikipedia.org\/wiki\/Liste_des_communes_de_France_les_plus_peupl\u00e9es\"><span class=\"footnote_url_wrap\">https:\/\/fr.wikipedia.org\/wiki\/Liste_des_communes_de_France_les_plus_peupl\u00e9es<\/span><\/a>  <\/td><\/tr>\r\n\r\n<tr class=\"footnotes_plugin_reference_row\"> <th scope=\"row\" class=\"footnote_plugin_index_combi pointer\"  onclick=\"footnote_moveToAnchor_1524_1('footnote_plugin_tooltip_1524_1_8');\"><a id=\"footnote_plugin_reference_1524_1_8\" class=\"footnote_backlink\"><span class=\"footnote_index_arrow\">&#8593;<\/span>8<\/a><\/th> <td class=\"footnote_plugin_text\"> A l&rsquo;adresse : <a href=\"https:\/\/fr.wikipedia.org\/wiki\/Pand%C3%A9mie_de_Covid-19_par_pays_et_territoire\"><span class=\"footnote_url_wrap\">https:\/\/fr.wikipedia.org\/wiki\/Pand%C3%A9mie_de_Covid-19_par_pays_et_territoire<\/span><\/a> consult\u00e9 le 18 janvier 2022, attention, le site pr\u00e9vient <strong>:<\/strong>&nbsp;Le tableau du d\u00e9tail des cas par pays est mis \u00e0 jour automatiquement<\/td><\/tr>\r\n\r\n<tr class=\"footnotes_plugin_reference_row\"> <th scope=\"row\" class=\"footnote_plugin_index_combi pointer\"  onclick=\"footnote_moveToAnchor_1524_1('footnote_plugin_tooltip_1524_1_9');\"><a id=\"footnote_plugin_reference_1524_1_9\" class=\"footnote_backlink\"><span class=\"footnote_index_arrow\">&#8593;<\/span>9<\/a><\/th> <td class=\"footnote_plugin_text\">Sur le site de Statbel : <a href=\"https:\/\/statbel.fgov.be\/fr\/themes\/population\/mortalite-et-esperance-de-vie\/mortalite-generale}\"><span class=\"footnote_url_wrap\">https:\/\/statbel.fgov.be\/fr\/themes\/population\/mortalite-et-esperance-de-vie\/mortalite-generale<\/span><\/a><\/td><\/tr>\r\n\r\n <\/tbody> <\/table> <\/div><\/div><script type=\"text\/javascript\"> function footnote_expand_reference_container_1524_1() { jQuery('#footnote_references_container_1524_1').show(); jQuery('#footnote_reference_container_collapse_button_1524_1').text('\u2212'); } function footnote_collapse_reference_container_1524_1() { jQuery('#footnote_references_container_1524_1').hide(); jQuery('#footnote_reference_container_collapse_button_1524_1').text('+'); } function footnote_expand_collapse_reference_container_1524_1() { if (jQuery('#footnote_references_container_1524_1').is(':hidden')) { footnote_expand_reference_container_1524_1(); } else { footnote_collapse_reference_container_1524_1(); } } function footnote_moveToReference_1524_1(p_str_TargetID) { footnote_expand_reference_container_1524_1(); var l_obj_Target = jQuery('#' + p_str_TargetID); if (l_obj_Target.length) { jQuery( 'html, body' ).delay( 0 ); jQuery('html, body').animate({ scrollTop: l_obj_Target.offset().top - window.innerHeight * 0.2 }, 380); } } function footnote_moveToAnchor_1524_1(p_str_TargetID) { footnote_expand_reference_container_1524_1(); var l_obj_Target = jQuery('#' + p_str_TargetID); if (l_obj_Target.length) { jQuery( 'html, body' ).delay( 0 ); jQuery('html, body').animate({ scrollTop: l_obj_Target.offset().top - window.innerHeight * 0.2 }, 380); } }<\/script>","protected":false},"excerpt":{"rendered":"<p>Au sujet de l&rsquo;utilisation des statistiques.<\/p>\n","protected":false},"author":3,"featured_media":0,"comment_status":"closed","ping_status":"closed","sticky":false,"template":"","format":"standard","meta":{"_coblocks_attr":"","_coblocks_dimensions":"","_coblocks_responsive_height":"","_coblocks_accordion_ie_support":""},"categories":[36,43],"tags":[41,42,39],"_links":{"self":[{"href":"https:\/\/www.andremalo.be\/blog\/wp-json\/wp\/v2\/posts\/1524"}],"collection":[{"href":"https:\/\/www.andremalo.be\/blog\/wp-json\/wp\/v2\/posts"}],"about":[{"href":"https:\/\/www.andremalo.be\/blog\/wp-json\/wp\/v2\/types\/post"}],"author":[{"embeddable":true,"href":"https:\/\/www.andremalo.be\/blog\/wp-json\/wp\/v2\/users\/3"}],"replies":[{"embeddable":true,"href":"https:\/\/www.andremalo.be\/blog\/wp-json\/wp\/v2\/comments?post=1524"}],"version-history":[{"count":277,"href":"https:\/\/www.andremalo.be\/blog\/wp-json\/wp\/v2\/posts\/1524\/revisions"}],"predecessor-version":[{"id":2840,"href":"https:\/\/www.andremalo.be\/blog\/wp-json\/wp\/v2\/posts\/1524\/revisions\/2840"}],"wp:attachment":[{"href":"https:\/\/www.andremalo.be\/blog\/wp-json\/wp\/v2\/media?parent=1524"}],"wp:term":[{"taxonomy":"category","embeddable":true,"href":"https:\/\/www.andremalo.be\/blog\/wp-json\/wp\/v2\/categories?post=1524"},{"taxonomy":"post_tag","embeddable":true,"href":"https:\/\/www.andremalo.be\/blog\/wp-json\/wp\/v2\/tags?post=1524"}],"curies":[{"name":"wp","href":"https:\/\/api.w.org\/{rel}","templated":true}]}}